{"id":11637,"date":"2024-09-30T10:35:02","date_gmt":"2024-09-30T08:35:02","guid":{"rendered":"https:\/\/www.sp2.swidnica.pl\/?p=11637"},"modified":"2024-09-30T10:35:03","modified_gmt":"2024-09-30T08:35:03","slug":"ogolnopolski-dzien-glosnego-czytania","status":"publish","type":"post","link":"https:\/\/www.sp2.swidnica.pl\/?p=11637","title":{"rendered":"Og\u00f3lnopolski Dzie\u0144 G\u0142o\u015bnego Czytania"},"content":{"rendered":"\n<p class=\"has-text-align-center\">W dniu dzisiejszym opr\u00f3cz \u015awi\u0119ta Jab\u0142ka obchodzili\u015bmy Og\u00f3lnopolski Dzie\u0144 G\u0142o\u015bnego Czytania. Dzie\u0144 ten obchodzony jest <\/p>\n\n\n\n<p class=\"has-text-align-center\">29 wrze\u015bnia, ale ze wzgl\u0119du, na to \u017ce w tym roku wypada on w niedziel\u0119, obchodzili\u015bmy go dzisiaj.<\/p>\n\n\n\n<p class=\"has-text-align-center\">Og\u00f3lnopolski Dzie\u0144 G\u0142o\u015bnego Czytania, jest to jedno z tych wydarze\u0144 w kalendarzu \u015bwi\u0105t nietypowych, <\/p>\n\n\n\n<p class=\"has-text-align-center\">kt\u00f3re s\u0105 zar\u00f3wno przyjemne jak i po\u017cyteczne. <\/p>\n\n\n\n<p class=\"has-text-align-center\">Celem \u015bwi\u0119ta jest propagowanie czytelnictwa w\u015br\u00f3d najm\u0142odszych, ale tak\u017ce w\u015br\u00f3d doros\u0142ych. Ksi\u0105\u017cki to jedno z najlepszych <\/p>\n\n\n\n<p class=\"has-text-align-center\">\u017ar\u00f3de\u0142 wiedzy dla dzieci, do tego rozwijaj\u0105 wyobra\u017ani\u0119, pami\u0119\u0107, poszerzaj\u0105 s\u0142ownictwo<\/p>\n\n\n\n<p class=\"has-text-align-center\"> i znajomo\u015b\u0107 gramatyki oraz przede wszystkim pozwalaj\u0105 prze\u017cywa\u0107 wspania\u0142e emocje.<\/p>\n\n\n\n<p class=\"has-text-align-center\">Dzie\u0144 ten uczcili\u015bmy g\u0142o\u015bnym czytaniem bajki pt.: \u201ePo\u0142\u00f3wki jab\u0142ka\u201d, kt\u00f3r\u0105 czytali nasi nauczyciele<\/p>\n\n\n\n<p class=\"has-text-align-center\"> z wykorzystaniem szkolnego radiow\u0119z\u0142a. <\/p>\n\n\n\n<p class=\"has-text-align-center\">W trakcie s\u0142uchania trwa\u0142 konkurs na odgadni\u0119cie wszystkich czytaj\u0105cych. Osoby, kt\u00f3re bajk\u0119 czyta\u0142y to:<\/p>\n\n\n\n<p>1. Pani Wicedyrektor Adriana Krzy\u017caniak<\/p>\n\n\n\n<p>2. Pan Dyrektor Mariusz Maruszak<\/p>\n\n\n\n<p>3. Pani Sylwia Heleszko nauczyciel j\u0119zyka polskiego<\/p>\n\n\n\n<p>4. Pani Joanna Micha\u0142owska katechetka<\/p>\n\n\n\n<p>5. Pani Joanna Kot nauczyciel ws\u00f3\u0142organizuj\u0105cy kszta\u0142cenie<\/p>\n\n\n\n<p>Uczniowie, kt\u00f3rzy bezb\u0142\u0119dnie odgadli wszystkich czytaj\u0105cych i zdobyli s\u0142odk\u0105 nagrod\u0119 to:<\/p>\n\n\n\n<p>1. Dorota Kowalska klasa 8a<\/p>\n\n\n\n<p>2. Magdalena Jag\u0142a klasa 4c<\/p>\n\n\n\n<p>3. Wawrzyniec Flejter klasa 6a<\/p>\n\n\n\n<p>4. Alicja B\u0105k klasa 8a<\/p>\n\n\n\n<p>5. Dorota Kruk klasa 8a<\/p>\n\n\n\n<p>6. Julian Grzyb klasa 8a<\/p>\n\n\n\n<p>7. Milena Napieracz klasa 4c<\/p>\n\n\n\n<p>8. Lena P\u0142oczyniak klasa 8a<\/p>\n\n\n\n<p>9. Emilia Dobosz klasa 4c<\/p>\n\n\n\n<p class=\"has-text-align-center\">Wszystkim zwyci\u0119zcom serdecznie gratulujemy i dzi\u0119kujemy za wsp\u00f3ln\u0105 zabaw\u0119. <\/p>\n\n\n\n<p class=\"has-text-align-center\">Nagrody zostan\u0105 rozdane w poniedzia\u0142ek. Nad ca\u0142o\u015bci\u0105 piecz\u0119 sprawowa\u0142a Pani Magda nauczyciel bibliotekarz.<\/p>\n","protected":false},"excerpt":{"rendered":"<p>W dniu dzisiejszym opr\u00f3cz \u015awi\u0119ta Jab\u0142ka obchodzili\u015bmy Og\u00f3lnopolski Dzie\u0144 G\u0142o\u015bnego Czytania. Dzie\u0144 ten obchodzony jest 29 wrze\u015bnia, ale ze wzgl\u0119du, na to \u017ce w tym roku wypada on w niedziel\u0119, obchodzili\u015bmy go dzisiaj. Og\u00f3lnopolski Dzie\u0144 G\u0142o\u015bnego Czytania, jest to jedno z tych wydarze\u0144 w kalendarzu \u015bwi\u0105t nietypowych, kt\u00f3re s\u0105 zar\u00f3wno przyjemne jak i po\u017cyteczne. Celem [&hellip;]<\/p>\n","protected":false},"author":3,"featured_media":11638,"comment_status":"closed","ping_status":"closed","sticky":false,"template":"","format":"standard","meta":{"_et_pb_use_builder":"off","_et_pb_old_content":"","_et_gb_content_width":"","footnotes":""},"categories":[60],"tags":[],"class_list":["post-11637","post","type-post","status-publish","format-standard","has-post-thumbnail","hentry","category-aktualnosci"],"yoast_head":"<!-- This site is optimized with the Yoast SEO plugin v27.5 - https:\/\/yoast.com\/product\/yoast-seo-wordpress\/ -->\n<title>Og\u00f3lnopolski Dzie\u0144 G\u0142o\u015bnego Czytania - Szko\u0142a Podstawowa nr2<\/title>\n<meta name=\"robots\" content=\"index, follow, max-snippet:-1, max-image-preview:large, max-video-preview:-1\" \/>\n<link rel=\"canonical\" href=\"https:\/\/www.sp2.swidnica.pl\/?p=11637\" \/>\n<meta property=\"og:locale\" content=\"pl_PL\" \/>\n<meta property=\"og:type\" content=\"article\" \/>\n<meta property=\"og:title\" content=\"Og\u00f3lnopolski Dzie\u0144 G\u0142o\u015bnego Czytania - Szko\u0142a Podstawowa nr2\" \/>\n<meta property=\"og:description\" content=\"W dniu dzisiejszym opr\u00f3cz \u015awi\u0119ta Jab\u0142ka obchodzili\u015bmy Og\u00f3lnopolski Dzie\u0144 G\u0142o\u015bnego Czytania. Dzie\u0144 ten obchodzony jest 29 wrze\u015bnia, ale ze wzgl\u0119du, na to \u017ce w tym roku wypada on w niedziel\u0119, obchodzili\u015bmy go dzisiaj. Og\u00f3lnopolski Dzie\u0144 G\u0142o\u015bnego Czytania, jest to jedno z tych wydarze\u0144 w kalendarzu \u015bwi\u0105t nietypowych, kt\u00f3re s\u0105 zar\u00f3wno przyjemne jak i po\u017cyteczne. Celem [&hellip;]\" \/>\n<meta property=\"og:url\" content=\"https:\/\/www.sp2.swidnica.pl\/?p=11637\" \/>\n<meta property=\"og:site_name\" content=\"Szko\u0142a Podstawowa nr2\" \/>\n<meta property=\"article:published_time\" content=\"2024-09-30T08:35:02+00:00\" \/>\n<meta property=\"article:modified_time\" content=\"2024-09-30T08:35:03+00:00\" \/>\n<meta property=\"og:image\" content=\"https:\/\/www.sp2.swidnica.pl\/wp-content\/uploads\/2024\/09\/461291032_981552983773688_7265224193621882453_n.jpg\" \/>\n\t<meta property=\"og:image:width\" content=\"738\" \/>\n\t<meta property=\"og:image:height\" content=\"913\" \/>\n\t<meta property=\"og:image:type\" content=\"image\/jpeg\" \/>\n<meta name=\"author\" content=\"promocja\" \/>\n<meta name=\"twitter:card\" content=\"summary_large_image\" \/>\n<meta name=\"twitter:label1\" content=\"Napisane przez\" \/>\n\t<meta name=\"twitter:data1\" content=\"promocja\" \/>\n\t<meta name=\"twitter:label2\" content=\"Szacowany czas czytania\" \/>\n\t<meta name=\"twitter:data2\" content=\"1 minuta\" \/>\n<script type=\"application\/ld+json\" class=\"yoast-schema-graph\">{\"@context\":\"https:\\\/\\\/schema.org\",\"@graph\":[{\"@type\":\"Article\",\"@id\":\"https:\\\/\\\/www.sp2.swidnica.pl\\\/?p=11637#article\",\"isPartOf\":{\"@id\":\"https:\\\/\\\/www.sp2.swidnica.pl\\\/?p=11637\"},\"author\":{\"name\":\"promocja\",\"@id\":\"https:\\\/\\\/www.sp2.swidnica.pl\\\/#\\\/schema\\\/person\\\/848bf2a13312aaecc57a3cef67ca3e70\"},\"headline\":\"Og\u00f3lnopolski Dzie\u0144 G\u0142o\u015bnego Czytania\",\"datePublished\":\"2024-09-30T08:35:02+00:00\",\"dateModified\":\"2024-09-30T08:35:03+00:00\",\"mainEntityOfPage\":{\"@id\":\"https:\\\/\\\/www.sp2.swidnica.pl\\\/?p=11637\"},\"wordCount\":285,\"publisher\":{\"@id\":\"https:\\\/\\\/www.sp2.swidnica.pl\\\/#organization\"},\"image\":{\"@id\":\"https:\\\/\\\/www.sp2.swidnica.pl\\\/?p=11637#primaryimage\"},\"thumbnailUrl\":\"https:\\\/\\\/www.sp2.swidnica.pl\\\/wp-content\\\/uploads\\\/2024\\\/09\\\/461291032_981552983773688_7265224193621882453_n.jpg\",\"articleSection\":[\"Aktualno\u015bci\"],\"inLanguage\":\"pl-PL\"},{\"@type\":\"WebPage\",\"@id\":\"https:\\\/\\\/www.sp2.swidnica.pl\\\/?p=11637\",\"url\":\"https:\\\/\\\/www.sp2.swidnica.pl\\\/?p=11637\",\"name\":\"Og\u00f3lnopolski Dzie\u0144 G\u0142o\u015bnego Czytania - Szko\u0142a Podstawowa nr2\",\"isPartOf\":{\"@id\":\"https:\\\/\\\/www.sp2.swidnica.pl\\\/#website\"},\"primaryImageOfPage\":{\"@id\":\"https:\\\/\\\/www.sp2.swidnica.pl\\\/?p=11637#primaryimage\"},\"image\":{\"@id\":\"https:\\\/\\\/www.sp2.swidnica.pl\\\/?p=11637#primaryimage\"},\"thumbnailUrl\":\"https:\\\/\\\/www.sp2.swidnica.pl\\\/wp-content\\\/uploads\\\/2024\\\/09\\\/461291032_981552983773688_7265224193621882453_n.jpg\",\"datePublished\":\"2024-09-30T08:35:02+00:00\",\"dateModified\":\"2024-09-30T08:35:03+00:00\",\"breadcrumb\":{\"@id\":\"https:\\\/\\\/www.sp2.swidnica.pl\\\/?p=11637#breadcrumb\"},\"inLanguage\":\"pl-PL\",\"potentialAction\":[{\"@type\":\"ReadAction\",\"target\":[\"https:\\\/\\\/www.sp2.swidnica.pl\\\/?p=11637\"]}]},{\"@type\":\"ImageObject\",\"inLanguage\":\"pl-PL\",\"@id\":\"https:\\\/\\\/www.sp2.swidnica.pl\\\/?p=11637#primaryimage\",\"url\":\"https:\\\/\\\/www.sp2.swidnica.pl\\\/wp-content\\\/uploads\\\/2024\\\/09\\\/461291032_981552983773688_7265224193621882453_n.jpg\",\"contentUrl\":\"https:\\\/\\\/www.sp2.swidnica.pl\\\/wp-content\\\/uploads\\\/2024\\\/09\\\/461291032_981552983773688_7265224193621882453_n.jpg\",\"width\":738,\"height\":913},{\"@type\":\"BreadcrumbList\",\"@id\":\"https:\\\/\\\/www.sp2.swidnica.pl\\\/?p=11637#breadcrumb\",\"itemListElement\":[{\"@type\":\"ListItem\",\"position\":1,\"name\":\"Start\",\"item\":\"https:\\\/\\\/www.sp2.swidnica.pl\\\/\"},{\"@type\":\"ListItem\",\"position\":2,\"name\":\"Og\u00f3lnopolski Dzie\u0144 G\u0142o\u015bnego Czytania\"}]},{\"@type\":\"WebSite\",\"@id\":\"https:\\\/\\\/www.sp2.swidnica.pl\\\/#website\",\"url\":\"https:\\\/\\\/www.sp2.swidnica.pl\\\/\",\"name\":\"Szko\u0142a Podstawowa nr2\",\"description\":\"\",\"publisher\":{\"@id\":\"https:\\\/\\\/www.sp2.swidnica.pl\\\/#organization\"},\"potentialAction\":[{\"@type\":\"SearchAction\",\"target\":{\"@type\":\"EntryPoint\",\"urlTemplate\":\"https:\\\/\\\/www.sp2.swidnica.pl\\\/?s={search_term_string}\"},\"query-input\":{\"@type\":\"PropertyValueSpecification\",\"valueRequired\":true,\"valueName\":\"search_term_string\"}}],\"inLanguage\":\"pl-PL\"},{\"@type\":\"Organization\",\"@id\":\"https:\\\/\\\/www.sp2.swidnica.pl\\\/#organization\",\"name\":\"Szko\u0142a Podstawowa nr2\",\"url\":\"https:\\\/\\\/www.sp2.swidnica.pl\\\/\",\"logo\":{\"@type\":\"ImageObject\",\"inLanguage\":\"pl-PL\",\"@id\":\"https:\\\/\\\/www.sp2.swidnica.pl\\\/#\\\/schema\\\/logo\\\/image\\\/\",\"url\":\"https:\\\/\\\/www.sp2.swidnica.pl\\\/wp-content\\\/uploads\\\/2023\\\/12\\\/cropped-cropped-cropped-logo_gotowe1-1.png\",\"contentUrl\":\"https:\\\/\\\/www.sp2.swidnica.pl\\\/wp-content\\\/uploads\\\/2023\\\/12\\\/cropped-cropped-cropped-logo_gotowe1-1.png\",\"width\":512,\"height\":512,\"caption\":\"Szko\u0142a Podstawowa nr2\"},\"image\":{\"@id\":\"https:\\\/\\\/www.sp2.swidnica.pl\\\/#\\\/schema\\\/logo\\\/image\\\/\"}},{\"@type\":\"Person\",\"@id\":\"https:\\\/\\\/www.sp2.swidnica.pl\\\/#\\\/schema\\\/person\\\/848bf2a13312aaecc57a3cef67ca3e70\",\"name\":\"promocja\",\"image\":{\"@type\":\"ImageObject\",\"inLanguage\":\"pl-PL\",\"@id\":\"https:\\\/\\\/secure.gravatar.com\\\/avatar\\\/244d7e0d756a1478029578c985492b8946c6ec124fb9f785ce31e2777df35b6e?s=96&d=mm&r=g\",\"url\":\"https:\\\/\\\/secure.gravatar.com\\\/avatar\\\/244d7e0d756a1478029578c985492b8946c6ec124fb9f785ce31e2777df35b6e?s=96&d=mm&r=g\",\"contentUrl\":\"https:\\\/\\\/secure.gravatar.com\\\/avatar\\\/244d7e0d756a1478029578c985492b8946c6ec124fb9f785ce31e2777df35b6e?s=96&d=mm&r=g\",\"caption\":\"promocja\"},\"sameAs\":[\"http:\\\/\\\/sp2.swidnica.pl\"],\"url\":\"https:\\\/\\\/www.sp2.swidnica.pl\\\/?author=3\"}]}<\/script>\n<!-- \/ Yoast SEO plugin. -->","yoast_head_json":{"title":"Og\u00f3lnopolski Dzie\u0144 G\u0142o\u015bnego Czytania - Szko\u0142a Podstawowa nr2","robots":{"index":"index","follow":"follow","max-snippet":"max-snippet:-1","max-image-preview":"max-image-preview:large","max-video-preview":"max-video-preview:-1"},"canonical":"https:\/\/www.sp2.swidnica.pl\/?p=11637","og_locale":"pl_PL","og_type":"article","og_title":"Og\u00f3lnopolski Dzie\u0144 G\u0142o\u015bnego Czytania - Szko\u0142a Podstawowa nr2","og_description":"W dniu dzisiejszym opr\u00f3cz \u015awi\u0119ta Jab\u0142ka obchodzili\u015bmy Og\u00f3lnopolski Dzie\u0144 G\u0142o\u015bnego Czytania. Dzie\u0144 ten obchodzony jest 29 wrze\u015bnia, ale ze wzgl\u0119du, na to \u017ce w tym roku wypada on w niedziel\u0119, obchodzili\u015bmy go dzisiaj. Og\u00f3lnopolski Dzie\u0144 G\u0142o\u015bnego Czytania, jest to jedno z tych wydarze\u0144 w kalendarzu \u015bwi\u0105t nietypowych, kt\u00f3re s\u0105 zar\u00f3wno przyjemne jak i po\u017cyteczne. Celem [&hellip;]","og_url":"https:\/\/www.sp2.swidnica.pl\/?p=11637","og_site_name":"Szko\u0142a Podstawowa nr2","article_published_time":"2024-09-30T08:35:02+00:00","article_modified_time":"2024-09-30T08:35:03+00:00","og_image":[{"width":738,"height":913,"url":"https:\/\/www.sp2.swidnica.pl\/wp-content\/uploads\/2024\/09\/461291032_981552983773688_7265224193621882453_n.jpg","type":"image\/jpeg"}],"author":"promocja","twitter_card":"summary_large_image","twitter_misc":{"Napisane przez":"promocja","Szacowany czas czytania":"1 minuta"},"schema":{"@context":"https:\/\/schema.org","@graph":[{"@type":"Article","@id":"https:\/\/www.sp2.swidnica.pl\/?p=11637#article","isPartOf":{"@id":"https:\/\/www.sp2.swidnica.pl\/?p=11637"},"author":{"name":"promocja","@id":"https:\/\/www.sp2.swidnica.pl\/#\/schema\/person\/848bf2a13312aaecc57a3cef67ca3e70"},"headline":"Og\u00f3lnopolski Dzie\u0144 G\u0142o\u015bnego Czytania","datePublished":"2024-09-30T08:35:02+00:00","dateModified":"2024-09-30T08:35:03+00:00","mainEntityOfPage":{"@id":"https:\/\/www.sp2.swidnica.pl\/?p=11637"},"wordCount":285,"publisher":{"@id":"https:\/\/www.sp2.swidnica.pl\/#organization"},"image":{"@id":"https:\/\/www.sp2.swidnica.pl\/?p=11637#primaryimage"},"thumbnailUrl":"https:\/\/www.sp2.swidnica.pl\/wp-content\/uploads\/2024\/09\/461291032_981552983773688_7265224193621882453_n.jpg","articleSection":["Aktualno\u015bci"],"inLanguage":"pl-PL"},{"@type":"WebPage","@id":"https:\/\/www.sp2.swidnica.pl\/?p=11637","url":"https:\/\/www.sp2.swidnica.pl\/?p=11637","name":"Og\u00f3lnopolski Dzie\u0144 G\u0142o\u015bnego Czytania - Szko\u0142a Podstawowa nr2","isPartOf":{"@id":"https:\/\/www.sp2.swidnica.pl\/#website"},"primaryImageOfPage":{"@id":"https:\/\/www.sp2.swidnica.pl\/?p=11637#primaryimage"},"image":{"@id":"https:\/\/www.sp2.swidnica.pl\/?p=11637#primaryimage"},"thumbnailUrl":"https:\/\/www.sp2.swidnica.pl\/wp-content\/uploads\/2024\/09\/461291032_981552983773688_7265224193621882453_n.jpg","datePublished":"2024-09-30T08:35:02+00:00","dateModified":"2024-09-30T08:35:03+00:00","breadcrumb":{"@id":"https:\/\/www.sp2.swidnica.pl\/?p=11637#breadcrumb"},"inLanguage":"pl-PL","potentialAction":[{"@type":"ReadAction","target":["https:\/\/www.sp2.swidnica.pl\/?p=11637"]}]},{"@type":"ImageObject","inLanguage":"pl-PL","@id":"https:\/\/www.sp2.swidnica.pl\/?p=11637#primaryimage","url":"https:\/\/www.sp2.swidnica.pl\/wp-content\/uploads\/2024\/09\/461291032_981552983773688_7265224193621882453_n.jpg","contentUrl":"https:\/\/www.sp2.swidnica.pl\/wp-content\/uploads\/2024\/09\/461291032_981552983773688_7265224193621882453_n.jpg","width":738,"height":913},{"@type":"BreadcrumbList","@id":"https:\/\/www.sp2.swidnica.pl\/?p=11637#breadcrumb","itemListElement":[{"@type":"ListItem","position":1,"name":"Start","item":"https:\/\/www.sp2.swidnica.pl\/"},{"@type":"ListItem","position":2,"name":"Og\u00f3lnopolski Dzie\u0144 G\u0142o\u015bnego Czytania"}]},{"@type":"WebSite","@id":"https:\/\/www.sp2.swidnica.pl\/#website","url":"https:\/\/www.sp2.swidnica.pl\/","name":"Szko\u0142a Podstawowa nr2","description":"","publisher":{"@id":"https:\/\/www.sp2.swidnica.pl\/#organization"},"potentialAction":[{"@type":"SearchAction","target":{"@type":"EntryPoint","urlTemplate":"https:\/\/www.sp2.swidnica.pl\/?s={search_term_string}"},"query-input":{"@type":"PropertyValueSpecification","valueRequired":true,"valueName":"search_term_string"}}],"inLanguage":"pl-PL"},{"@type":"Organization","@id":"https:\/\/www.sp2.swidnica.pl\/#organization","name":"Szko\u0142a Podstawowa nr2","url":"https:\/\/www.sp2.swidnica.pl\/","logo":{"@type":"ImageObject","inLanguage":"pl-PL","@id":"https:\/\/www.sp2.swidnica.pl\/#\/schema\/logo\/image\/","url":"https:\/\/www.sp2.swidnica.pl\/wp-content\/uploads\/2023\/12\/cropped-cropped-cropped-logo_gotowe1-1.png","contentUrl":"https:\/\/www.sp2.swidnica.pl\/wp-content\/uploads\/2023\/12\/cropped-cropped-cropped-logo_gotowe1-1.png","width":512,"height":512,"caption":"Szko\u0142a Podstawowa nr2"},"image":{"@id":"https:\/\/www.sp2.swidnica.pl\/#\/schema\/logo\/image\/"}},{"@type":"Person","@id":"https:\/\/www.sp2.swidnica.pl\/#\/schema\/person\/848bf2a13312aaecc57a3cef67ca3e70","name":"promocja","image":{"@type":"ImageObject","inLanguage":"pl-PL","@id":"https:\/\/secure.gravatar.com\/avatar\/244d7e0d756a1478029578c985492b8946c6ec124fb9f785ce31e2777df35b6e?s=96&d=mm&r=g","url":"https:\/\/secure.gravatar.com\/avatar\/244d7e0d756a1478029578c985492b8946c6ec124fb9f785ce31e2777df35b6e?s=96&d=mm&r=g","contentUrl":"https:\/\/secure.gravatar.com\/avatar\/244d7e0d756a1478029578c985492b8946c6ec124fb9f785ce31e2777df35b6e?s=96&d=mm&r=g","caption":"promocja"},"sameAs":["http:\/\/sp2.swidnica.pl"],"url":"https:\/\/www.sp2.swidnica.pl\/?author=3"}]}},"_links":{"self":[{"href":"https:\/\/www.sp2.swidnica.pl\/index.php?rest_route=\/wp\/v2\/posts\/11637","targetHints":{"allow":["GET"]}}],"collection":[{"href":"https:\/\/www.sp2.swidnica.pl\/index.php?rest_route=\/wp\/v2\/posts"}],"about":[{"href":"https:\/\/www.sp2.swidnica.pl\/index.php?rest_route=\/wp\/v2\/types\/post"}],"author":[{"embeddable":true,"href":"https:\/\/www.sp2.swidnica.pl\/index.php?rest_route=\/wp\/v2\/users\/3"}],"replies":[{"embeddable":true,"href":"https:\/\/www.sp2.swidnica.pl\/index.php?rest_route=%2Fwp%2Fv2%2Fcomments&post=11637"}],"version-history":[{"count":1,"href":"https:\/\/www.sp2.swidnica.pl\/index.php?rest_route=\/wp\/v2\/posts\/11637\/revisions"}],"predecessor-version":[{"id":11639,"href":"https:\/\/www.sp2.swidnica.pl\/index.php?rest_route=\/wp\/v2\/posts\/11637\/revisions\/11639"}],"wp:featuredmedia":[{"embeddable":true,"href":"https:\/\/www.sp2.swidnica.pl\/index.php?rest_route=\/wp\/v2\/media\/11638"}],"wp:attachment":[{"href":"https:\/\/www.sp2.swidnica.pl\/index.php?rest_route=%2Fwp%2Fv2%2Fmedia&parent=11637"}],"wp:term":[{"taxonomy":"category","embeddable":true,"href":"https:\/\/www.sp2.swidnica.pl\/index.php?rest_route=%2Fwp%2Fv2%2Fcategories&post=11637"},{"taxonomy":"post_tag","embeddable":true,"href":"https:\/\/www.sp2.swidnica.pl\/index.php?rest_route=%2Fwp%2Fv2%2Ftags&post=11637"}],"curies":[{"name":"wp","href":"https:\/\/api.w.org\/{rel}","templated":true}]}}