{"id":15908,"date":"2025-11-17T11:52:14","date_gmt":"2025-11-17T10:52:14","guid":{"rendered":"https:\/\/www.sp2.swidnica.pl\/?p=15908"},"modified":"2025-11-17T11:52:15","modified_gmt":"2025-11-17T10:52:15","slug":"wieczornica-patriotyczna-6-listopada-2025-r","status":"publish","type":"post","link":"https:\/\/www.sp2.swidnica.pl\/?p=15908","title":{"rendered":"Wieczornica Patriotyczna \u2013 6 listopada 2025 r."},"content":{"rendered":"\n<p class=\"has-text-align-center has-medium-font-size\"><img loading=\"lazy\" decoding=\"async\" height=\"16\" width=\"16\" alt=\"\ud83c\uddf5\ud83c\uddf1\" src=\"https:\/\/static.xx.fbcdn.net\/images\/emoji.php\/v9\/te0\/1\/16\/1f1f5_1f1f1.png\"> Wieczornica Patriotyczna \u2013 6 listopada 2025 r. <img loading=\"lazy\" decoding=\"async\" height=\"16\" width=\"16\" alt=\"\ud83c\uddf5\ud83c\uddf1\" src=\"https:\/\/static.xx.fbcdn.net\/images\/emoji.php\/v9\/te0\/1\/16\/1f1f5_1f1f1.png\"><\/p>\n\n\n\n<p class=\"has-text-align-center has-medium-font-size\">Wczoraj odby\u0142a si\u0119 niezwyk\u0142a Wieczornica Patriotyczna, w kt\u00f3rej udzia\u0142 wzi\u0119li<\/p>\n\n\n\n<p class=\"has-text-align-center has-medium-font-size\"> wszyscy uczniowie klas 1\u20133.<\/p>\n\n\n\n<p class=\"has-text-align-center has-medium-font-size\">Nasze dzieci przygotowa\u0142y pi\u0119kne widowisko pe\u0142ne pie\u015bni, ta\u0144c\u00f3w i wierszy, <\/p>\n\n\n\n<p class=\"has-text-align-center has-medium-font-size\">wprowadzaj\u0105c wszystkich w wyj\u0105tkowy, wzruszaj\u0105cy nastr\u00f3j patriotyczny. <img loading=\"lazy\" decoding=\"async\" height=\"16\" width=\"16\" src=\"https:\/\/static.xx.fbcdn.net\/images\/emoji.php\/v9\/t6c\/1\/16\/2764.png\" alt=\"\u2764\ufe0f\"><img loading=\"lazy\" decoding=\"async\" height=\"16\" width=\"16\" src=\"https:\/\/static.xx.fbcdn.net\/images\/emoji.php\/v9\/tc5\/1\/16\/1f90d.png\" alt=\"\ud83e\udd0d\"><\/p>\n\n\n\n<p class=\"has-text-align-center has-medium-font-size\">W\u015br\u00f3d go\u015bci mieli\u015bmy zaszczyt powita\u0107 pana Tadeusza Grabowskiego <\/p>\n\n\n\n<p class=\"has-text-align-center has-medium-font-size\">\u2013 przedstawiciela Organizacji Kombatanckiej i \u017bo\u0142nierskiej w \u015awidnicy,<\/p>\n\n\n\n<p class=\"has-text-align-center has-medium-font-size\"> Prezesa \u015awidnickiego Stowarzyszenia Patriotycznego, <\/p>\n\n\n\n<p class=\"has-text-align-center has-medium-font-size\">a tak\u017ce pana wicedyrektora Jerzego Tokarskiego <\/p>\n\n\n\n<p class=\"has-text-align-center has-medium-font-size\">i pani\u0105 wicedyrektor Adrian\u0119 Krzy\u017caniak.<\/p>\n\n\n\n<p class=\"has-text-align-center has-medium-font-size\">To niezwyk\u0142e wydarzenie mog\u0142o si\u0119 odby\u0107 dzi\u0119ki ogromnej go\u015bcinno\u015bci i \u017cyczliwo\u015bci <\/p>\n\n\n\n<p class=\"has-text-align-center has-medium-font-size\">Pa\u0144stwa Anny i Darka Suszek, kt\u00f3rzy udost\u0119pnili nam sw\u00f3j lokal i zapewnili wszystko,<\/p>\n\n\n\n<p class=\"has-text-align-center has-medium-font-size\">co tylko mo\u017cliwe, aby\u015bmy mogli prze\u017cy\u0107 ten wiecz\u00f3r w tak komfortowych <\/p>\n\n\n\n<p class=\"has-text-align-center has-medium-font-size\">i serdecznych warunkach. <img loading=\"lazy\" decoding=\"async\" height=\"16\" width=\"16\" src=\"https:\/\/static.xx.fbcdn.net\/images\/emoji.php\/v9\/te9\/1\/16\/1f496.png\" alt=\"\ud83d\udc96\"><\/p>\n\n\n\n<p class=\"has-text-align-center has-medium-font-size\">Ich otwarto\u015b\u0107, troska i zaanga\u017cowanie sprawi\u0142y, \u017ce atmosfera Wieczornicy <\/p>\n\n\n\n<p class=\"has-text-align-center has-medium-font-size\">by\u0142a naprawd\u0119 wyj\u0105tkowa.<\/p>\n\n\n\n<p class=\"has-text-align-center has-medium-font-size\">Z ca\u0142ego serca dzi\u0119kujemy Pa\u0144stwu Suszkom za ogromny wk\u0142ad, wsparcie <\/p>\n\n\n\n<p class=\"has-text-align-center has-medium-font-size\">i dobre serce \u2013 bez Was to wydarzenie nie mog\u0142oby si\u0119 uda\u0107! <img loading=\"lazy\" decoding=\"async\" height=\"16\" width=\"16\" src=\"https:\/\/static.xx.fbcdn.net\/images\/emoji.php\/v9\/t80\/1\/16\/1f64f.png\" alt=\"\ud83d\ude4f\"><img loading=\"lazy\" decoding=\"async\" height=\"16\" width=\"16\" src=\"https:\/\/static.xx.fbcdn.net\/images\/emoji.php\/v9\/tfe\/1\/16\/1f44f.png\" alt=\"\ud83d\udc4f\"><\/p>\n\n\n\n<p class=\"has-text-align-center has-medium-font-size\">Serdeczne podzi\u0119kowania kierujemy r\u00f3wnie\u017c do wszystkich Pa\u0144 nauczycielek, <\/p>\n\n\n\n<p class=\"has-text-align-center has-medium-font-size\">kt\u00f3re z wielk\u0105 cierpliwo\u015bci\u0105, pasj\u0105 i sercem przygotowa\u0142y swoich uczni\u00f3w do wyst\u0119p\u00f3w. <img loading=\"lazy\" decoding=\"async\" height=\"16\" width=\"16\" src=\"https:\/\/static.xx.fbcdn.net\/images\/emoji.php\/v9\/t6c\/1\/16\/2764.png\" alt=\"\u2764\ufe0f\"><\/p>\n\n\n\n<p class=\"has-text-align-center has-medium-font-size\">Dzi\u0119ki Waszemu zaanga\u017cowaniu i kreatywno\u015bci dzieci zaprezentowa\u0142y si\u0119 wspaniale, <\/p>\n\n\n\n<p class=\"has-text-align-center has-medium-font-size\">pokazuj\u0105c sw\u00f3j talent i ogromne serce.<\/p>\n\n\n\n<p class=\"has-text-align-center has-medium-font-size\">Dzi\u0119kujemy tak\u017ce wszystkim rodzicom za obecno\u015b\u0107, wsparcie i ciep\u0142e s\u0142owa.<\/p>\n\n\n\n<p class=\"has-text-align-center has-medium-font-size\">A przede wszystkim \u2014 naszym cudownym uczniom, kt\u00f3rzy swoim entuzjazmem, rado\u015bci\u0105 i pracowito\u015bci\u0105 stworzyli prawdziwe \u015bwi\u0119to patriotyzmu.<\/p>\n\n\n\n<p><\/p>\n\n\n\n<figure class=\"wp-block-gallery has-nested-images columns-default is-cropped wp-block-gallery-1 is-layout-flex wp-block-gallery-is-layout-flex\">\n<figure class=\"wp-block-image size-large\"><img loading=\"lazy\" decoding=\"async\" width=\"1024\" height=\"1024\" data-id=\"15909\" src=\"https:\/\/www.sp2.swidnica.pl\/wp-content\/uploads\/2025\/11\/576999510_1286790963249887_3476694189202459434_n-1024x1024.jpg\" alt=\"\" class=\"wp-image-15909\" srcset=\"https:\/\/www.sp2.swidnica.pl\/wp-content\/uploads\/2025\/11\/576999510_1286790963249887_3476694189202459434_n-980x735.jpg 980w, https:\/\/www.sp2.swidnica.pl\/wp-content\/uploads\/2025\/11\/576999510_1286790963249887_3476694189202459434_n-480x360.jpg 480w\" sizes=\"auto, (min-width: 0px) and (max-width: 480px) 480px, (min-width: 481px) and (max-width: 980px) 980px, (min-width: 981px) 1024px, 100vw\" \/><\/figure>\n\n\n\n<figure class=\"wp-block-image size-large\"><img loading=\"lazy\" decoding=\"async\" width=\"1024\" height=\"1024\" data-id=\"15910\" src=\"https:\/\/www.sp2.swidnica.pl\/wp-content\/uploads\/2025\/11\/577708845_1286790853249898_1673954553619008736_n-1024x1024.jpg\" alt=\"\" class=\"wp-image-15910\" srcset=\"https:\/\/www.sp2.swidnica.pl\/wp-content\/uploads\/2025\/11\/577708845_1286790853249898_1673954553619008736_n-980x735.jpg 980w, https:\/\/www.sp2.swidnica.pl\/wp-content\/uploads\/2025\/11\/577708845_1286790853249898_1673954553619008736_n-480x360.jpg 480w\" sizes=\"auto, (min-width: 0px) and (max-width: 480px) 480px, (min-width: 481px) and (max-width: 980px) 980px, (min-width: 981px) 1024px, 100vw\" \/><\/figure>\n\n\n\n<figure class=\"wp-block-image size-large\"><img loading=\"lazy\" decoding=\"async\" width=\"1024\" height=\"1024\" data-id=\"15912\" src=\"https:\/\/www.sp2.swidnica.pl\/wp-content\/uploads\/2025\/11\/577813982_1286790923249891_8192767237527275391_n-1024x1024.jpg\" alt=\"\" class=\"wp-image-15912\" srcset=\"https:\/\/www.sp2.swidnica.pl\/wp-content\/uploads\/2025\/11\/577813982_1286790923249891_8192767237527275391_n-980x735.jpg 980w, https:\/\/www.sp2.swidnica.pl\/wp-content\/uploads\/2025\/11\/577813982_1286790923249891_8192767237527275391_n-480x360.jpg 480w\" sizes=\"auto, (min-width: 0px) and (max-width: 480px) 480px, (min-width: 481px) and (max-width: 980px) 980px, (min-width: 981px) 1024px, 100vw\" \/><\/figure>\n\n\n\n<figure class=\"wp-block-image size-large\"><img loading=\"lazy\" decoding=\"async\" width=\"1024\" height=\"1024\" data-id=\"15913\" src=\"https:\/\/www.sp2.swidnica.pl\/wp-content\/uploads\/2025\/11\/577814793_1286791193249864_5068191447012198713_n-1024x1024.jpg\" alt=\"\" class=\"wp-image-15913\" srcset=\"https:\/\/www.sp2.swidnica.pl\/wp-content\/uploads\/2025\/11\/577814793_1286791193249864_5068191447012198713_n-980x735.jpg 980w, https:\/\/www.sp2.swidnica.pl\/wp-content\/uploads\/2025\/11\/577814793_1286791193249864_5068191447012198713_n-480x360.jpg 480w\" sizes=\"auto, (min-width: 0px) and (max-width: 480px) 480px, (min-width: 481px) and (max-width: 980px) 980px, (min-width: 981px) 1024px, 100vw\" \/><\/figure>\n\n\n\n<figure class=\"wp-block-image size-large\"><img loading=\"lazy\" decoding=\"async\" width=\"1024\" height=\"1024\" data-id=\"15914\" src=\"https:\/\/www.sp2.swidnica.pl\/wp-content\/uploads\/2025\/11\/577826753_1286790693249914_8078041385855798553_n-1024x1024.jpg\" alt=\"\" class=\"wp-image-15914\" srcset=\"https:\/\/www.sp2.swidnica.pl\/wp-content\/uploads\/2025\/11\/577826753_1286790693249914_8078041385855798553_n-1024x1024.jpg 1024w, https:\/\/www.sp2.swidnica.pl\/wp-content\/uploads\/2025\/11\/577826753_1286790693249914_8078041385855798553_n-980x1307.jpg 980w, https:\/\/www.sp2.swidnica.pl\/wp-content\/uploads\/2025\/11\/577826753_1286790693249914_8078041385855798553_n-480x640.jpg 480w\" sizes=\"auto, (min-width: 0px) and (max-width: 480px) 480px, (min-width: 481px) and (max-width: 980px) 980px, (min-width: 981px) 1024px, 100vw\" \/><\/figure>\n\n\n\n<figure class=\"wp-block-image size-full\"><img loading=\"lazy\" decoding=\"async\" width=\"1600\" height=\"1200\" data-id=\"15915\" src=\"https:\/\/www.sp2.swidnica.pl\/wp-content\/uploads\/2025\/11\/578787759_1286790743249909_3355318248556907744_n.jpg\" alt=\"\" class=\"wp-image-15915\" srcset=\"https:\/\/www.sp2.swidnica.pl\/wp-content\/uploads\/2025\/11\/578787759_1286790743249909_3355318248556907744_n.jpg 1600w, https:\/\/www.sp2.swidnica.pl\/wp-content\/uploads\/2025\/11\/578787759_1286790743249909_3355318248556907744_n-1280x960.jpg 1280w, https:\/\/www.sp2.swidnica.pl\/wp-content\/uploads\/2025\/11\/578787759_1286790743249909_3355318248556907744_n-980x735.jpg 980w, https:\/\/www.sp2.swidnica.pl\/wp-content\/uploads\/2025\/11\/578787759_1286790743249909_3355318248556907744_n-480x360.jpg 480w\" sizes=\"auto, (min-width: 0px) and (max-width: 480px) 480px, (min-width: 481px) and (max-width: 980px) 980px, (min-width: 981px) and (max-width: 1280px) 1280px, (min-width: 1281px) 1600px, 100vw\" \/><\/figure>\n\n\n\n<figure class=\"wp-block-image size-large\"><img loading=\"lazy\" decoding=\"async\" width=\"1024\" height=\"1024\" data-id=\"15917\" src=\"https:\/\/www.sp2.swidnica.pl\/wp-content\/uploads\/2025\/11\/579187993_1286791153249868_9082705795428579308_n-1024x1024.jpg\" alt=\"\" class=\"wp-image-15917\" srcset=\"https:\/\/www.sp2.swidnica.pl\/wp-content\/uploads\/2025\/11\/579187993_1286791153249868_9082705795428579308_n-980x735.jpg 980w, https:\/\/www.sp2.swidnica.pl\/wp-content\/uploads\/2025\/11\/579187993_1286791153249868_9082705795428579308_n-480x360.jpg 480w\" sizes=\"auto, (min-width: 0px) and (max-width: 480px) 480px, (min-width: 481px) and (max-width: 980px) 980px, (min-width: 981px) 1024px, 100vw\" \/><\/figure>\n\n\n\n<figure class=\"wp-block-image size-large\"><img loading=\"lazy\" decoding=\"async\" width=\"1024\" height=\"1024\" data-id=\"15911\" src=\"https:\/\/www.sp2.swidnica.pl\/wp-content\/uploads\/2025\/11\/578030725_1286790786583238_54463698477793936_n-1024x1024.jpg\" alt=\"\" class=\"wp-image-15911\" srcset=\"https:\/\/www.sp2.swidnica.pl\/wp-content\/uploads\/2025\/11\/578030725_1286790786583238_54463698477793936_n-1024x1024.jpg 1024w, https:\/\/www.sp2.swidnica.pl\/wp-content\/uploads\/2025\/11\/578030725_1286790786583238_54463698477793936_n-980x1307.jpg 980w, https:\/\/www.sp2.swidnica.pl\/wp-content\/uploads\/2025\/11\/578030725_1286790786583238_54463698477793936_n-480x640.jpg 480w\" sizes=\"auto, (min-width: 0px) and (max-width: 480px) 480px, (min-width: 481px) and (max-width: 980px) 980px, (min-width: 981px) 1024px, 100vw\" \/><\/figure>\n\n\n\n<figure class=\"wp-block-image size-large\"><img loading=\"lazy\" decoding=\"async\" width=\"1024\" height=\"1024\" data-id=\"15916\" src=\"https:\/\/www.sp2.swidnica.pl\/wp-content\/uploads\/2025\/11\/579007913_1286791039916546_205023096978131432_n-1024x1024.jpg\" alt=\"\" class=\"wp-image-15916\" srcset=\"https:\/\/www.sp2.swidnica.pl\/wp-content\/uploads\/2025\/11\/579007913_1286791039916546_205023096978131432_n-980x1307.jpg 980w, https:\/\/www.sp2.swidnica.pl\/wp-content\/uploads\/2025\/11\/579007913_1286791039916546_205023096978131432_n-480x640.jpg 480w\" sizes=\"auto, (min-width: 0px) and (max-width: 480px) 480px, (min-width: 481px) and (max-width: 980px) 980px, (min-width: 981px) 1024px, 100vw\" \/><\/figure>\n<\/figure>\n","protected":false},"excerpt":{"rendered":"<p>Wieczornica Patriotyczna \u2013 6 listopada 2025 r. Wczoraj odby\u0142a si\u0119 niezwyk\u0142a Wieczornica Patriotyczna, w kt\u00f3rej udzia\u0142 wzi\u0119li wszyscy uczniowie klas 1\u20133. Nasze dzieci przygotowa\u0142y pi\u0119kne widowisko pe\u0142ne pie\u015bni, ta\u0144c\u00f3w i wierszy, wprowadzaj\u0105c wszystkich w wyj\u0105tkowy, wzruszaj\u0105cy nastr\u00f3j patriotyczny. W\u015br\u00f3d go\u015bci mieli\u015bmy zaszczyt powita\u0107 pana Tadeusza Grabowskiego \u2013 przedstawiciela Organizacji Kombatanckiej i \u017bo\u0142nierskiej w \u015awidnicy, Prezesa [&hellip;]<\/p>\n","protected":false},"author":3,"featured_media":15918,"comment_status":"closed","ping_status":"closed","sticky":false,"template":"","format":"standard","meta":{"_et_pb_use_builder":"off","_et_pb_old_content":"","_et_gb_content_width":"","footnotes":""},"categories":[60],"tags":[],"class_list":["post-15908","post","type-post","status-publish","format-standard","has-post-thumbnail","hentry","category-aktualnosci"],"yoast_head":"<!-- This site is optimized with the Yoast SEO plugin v27.5 - https:\/\/yoast.com\/product\/yoast-seo-wordpress\/ -->\n<title>Wieczornica Patriotyczna \u2013 6 listopada 2025 r. - Szko\u0142a Podstawowa nr2<\/title>\n<meta name=\"robots\" content=\"index, follow, max-snippet:-1, max-image-preview:large, max-video-preview:-1\" \/>\n<link rel=\"canonical\" href=\"https:\/\/www.sp2.swidnica.pl\/?p=15908\" \/>\n<meta property=\"og:locale\" content=\"pl_PL\" \/>\n<meta property=\"og:type\" content=\"article\" \/>\n<meta property=\"og:title\" content=\"Wieczornica Patriotyczna \u2013 6 listopada 2025 r. - Szko\u0142a Podstawowa nr2\" \/>\n<meta property=\"og:description\" content=\"Wieczornica Patriotyczna \u2013 6 listopada 2025 r. Wczoraj odby\u0142a si\u0119 niezwyk\u0142a Wieczornica Patriotyczna, w kt\u00f3rej udzia\u0142 wzi\u0119li wszyscy uczniowie klas 1\u20133. Nasze dzieci przygotowa\u0142y pi\u0119kne widowisko pe\u0142ne pie\u015bni, ta\u0144c\u00f3w i wierszy, wprowadzaj\u0105c wszystkich w wyj\u0105tkowy, wzruszaj\u0105cy nastr\u00f3j patriotyczny. W\u015br\u00f3d go\u015bci mieli\u015bmy zaszczyt powita\u0107 pana Tadeusza Grabowskiego \u2013 przedstawiciela Organizacji Kombatanckiej i \u017bo\u0142nierskiej w \u015awidnicy, Prezesa [&hellip;]\" \/>\n<meta property=\"og:url\" content=\"https:\/\/www.sp2.swidnica.pl\/?p=15908\" \/>\n<meta property=\"og:site_name\" content=\"Szko\u0142a Podstawowa nr2\" \/>\n<meta property=\"article:published_time\" content=\"2025-11-17T10:52:14+00:00\" \/>\n<meta property=\"article:modified_time\" content=\"2025-11-17T10:52:15+00:00\" \/>\n<meta property=\"og:image\" content=\"https:\/\/www.sp2.swidnica.pl\/wp-content\/uploads\/2025\/11\/579169493_1286791219916528_8818514759339400011_n.jpg\" \/>\n\t<meta property=\"og:image:width\" content=\"2000\" \/>\n\t<meta property=\"og:image:height\" content=\"1500\" \/>\n\t<meta property=\"og:image:type\" content=\"image\/jpeg\" \/>\n<meta name=\"author\" content=\"promocja\" \/>\n<meta name=\"twitter:card\" content=\"summary_large_image\" \/>\n<meta name=\"twitter:label1\" content=\"Napisane przez\" \/>\n\t<meta name=\"twitter:data1\" content=\"promocja\" \/>\n\t<meta name=\"twitter:label2\" content=\"Szacowany czas czytania\" \/>\n\t<meta name=\"twitter:data2\" content=\"1 minuta\" \/>\n<script type=\"application\/ld+json\" class=\"yoast-schema-graph\">{\"@context\":\"https:\\\/\\\/schema.org\",\"@graph\":[{\"@type\":\"Article\",\"@id\":\"https:\\\/\\\/www.sp2.swidnica.pl\\\/?p=15908#article\",\"isPartOf\":{\"@id\":\"https:\\\/\\\/www.sp2.swidnica.pl\\\/?p=15908\"},\"author\":{\"name\":\"promocja\",\"@id\":\"https:\\\/\\\/www.sp2.swidnica.pl\\\/#\\\/schema\\\/person\\\/848bf2a13312aaecc57a3cef67ca3e70\"},\"headline\":\"Wieczornica Patriotyczna \u2013 6 listopada 2025 r.\",\"datePublished\":\"2025-11-17T10:52:14+00:00\",\"dateModified\":\"2025-11-17T10:52:15+00:00\",\"mainEntityOfPage\":{\"@id\":\"https:\\\/\\\/www.sp2.swidnica.pl\\\/?p=15908\"},\"wordCount\":266,\"publisher\":{\"@id\":\"https:\\\/\\\/www.sp2.swidnica.pl\\\/#organization\"},\"image\":{\"@id\":\"https:\\\/\\\/www.sp2.swidnica.pl\\\/?p=15908#primaryimage\"},\"thumbnailUrl\":\"https:\\\/\\\/www.sp2.swidnica.pl\\\/wp-content\\\/uploads\\\/2025\\\/11\\\/579169493_1286791219916528_8818514759339400011_n.jpg\",\"articleSection\":[\"Aktualno\u015bci\"],\"inLanguage\":\"pl-PL\"},{\"@type\":\"WebPage\",\"@id\":\"https:\\\/\\\/www.sp2.swidnica.pl\\\/?p=15908\",\"url\":\"https:\\\/\\\/www.sp2.swidnica.pl\\\/?p=15908\",\"name\":\"Wieczornica Patriotyczna \u2013 6 listopada 2025 r. - Szko\u0142a Podstawowa nr2\",\"isPartOf\":{\"@id\":\"https:\\\/\\\/www.sp2.swidnica.pl\\\/#website\"},\"primaryImageOfPage\":{\"@id\":\"https:\\\/\\\/www.sp2.swidnica.pl\\\/?p=15908#primaryimage\"},\"image\":{\"@id\":\"https:\\\/\\\/www.sp2.swidnica.pl\\\/?p=15908#primaryimage\"},\"thumbnailUrl\":\"https:\\\/\\\/www.sp2.swidnica.pl\\\/wp-content\\\/uploads\\\/2025\\\/11\\\/579169493_1286791219916528_8818514759339400011_n.jpg\",\"datePublished\":\"2025-11-17T10:52:14+00:00\",\"dateModified\":\"2025-11-17T10:52:15+00:00\",\"breadcrumb\":{\"@id\":\"https:\\\/\\\/www.sp2.swidnica.pl\\\/?p=15908#breadcrumb\"},\"inLanguage\":\"pl-PL\",\"potentialAction\":[{\"@type\":\"ReadAction\",\"target\":[\"https:\\\/\\\/www.sp2.swidnica.pl\\\/?p=15908\"]}]},{\"@type\":\"ImageObject\",\"inLanguage\":\"pl-PL\",\"@id\":\"https:\\\/\\\/www.sp2.swidnica.pl\\\/?p=15908#primaryimage\",\"url\":\"https:\\\/\\\/www.sp2.swidnica.pl\\\/wp-content\\\/uploads\\\/2025\\\/11\\\/579169493_1286791219916528_8818514759339400011_n.jpg\",\"contentUrl\":\"https:\\\/\\\/www.sp2.swidnica.pl\\\/wp-content\\\/uploads\\\/2025\\\/11\\\/579169493_1286791219916528_8818514759339400011_n.jpg\",\"width\":2000,\"height\":1500},{\"@type\":\"BreadcrumbList\",\"@id\":\"https:\\\/\\\/www.sp2.swidnica.pl\\\/?p=15908#breadcrumb\",\"itemListElement\":[{\"@type\":\"ListItem\",\"position\":1,\"name\":\"Start\",\"item\":\"https:\\\/\\\/www.sp2.swidnica.pl\\\/\"},{\"@type\":\"ListItem\",\"position\":2,\"name\":\"Wieczornica Patriotyczna \u2013 6 listopada 2025 r.\"}]},{\"@type\":\"WebSite\",\"@id\":\"https:\\\/\\\/www.sp2.swidnica.pl\\\/#website\",\"url\":\"https:\\\/\\\/www.sp2.swidnica.pl\\\/\",\"name\":\"Szko\u0142a Podstawowa nr2\",\"description\":\"\",\"publisher\":{\"@id\":\"https:\\\/\\\/www.sp2.swidnica.pl\\\/#organization\"},\"potentialAction\":[{\"@type\":\"SearchAction\",\"target\":{\"@type\":\"EntryPoint\",\"urlTemplate\":\"https:\\\/\\\/www.sp2.swidnica.pl\\\/?s={search_term_string}\"},\"query-input\":{\"@type\":\"PropertyValueSpecification\",\"valueRequired\":true,\"valueName\":\"search_term_string\"}}],\"inLanguage\":\"pl-PL\"},{\"@type\":\"Organization\",\"@id\":\"https:\\\/\\\/www.sp2.swidnica.pl\\\/#organization\",\"name\":\"Szko\u0142a Podstawowa nr2\",\"url\":\"https:\\\/\\\/www.sp2.swidnica.pl\\\/\",\"logo\":{\"@type\":\"ImageObject\",\"inLanguage\":\"pl-PL\",\"@id\":\"https:\\\/\\\/www.sp2.swidnica.pl\\\/#\\\/schema\\\/logo\\\/image\\\/\",\"url\":\"https:\\\/\\\/www.sp2.swidnica.pl\\\/wp-content\\\/uploads\\\/2023\\\/12\\\/cropped-cropped-cropped-logo_gotowe1-1.png\",\"contentUrl\":\"https:\\\/\\\/www.sp2.swidnica.pl\\\/wp-content\\\/uploads\\\/2023\\\/12\\\/cropped-cropped-cropped-logo_gotowe1-1.png\",\"width\":512,\"height\":512,\"caption\":\"Szko\u0142a Podstawowa nr2\"},\"image\":{\"@id\":\"https:\\\/\\\/www.sp2.swidnica.pl\\\/#\\\/schema\\\/logo\\\/image\\\/\"}},{\"@type\":\"Person\",\"@id\":\"https:\\\/\\\/www.sp2.swidnica.pl\\\/#\\\/schema\\\/person\\\/848bf2a13312aaecc57a3cef67ca3e70\",\"name\":\"promocja\",\"image\":{\"@type\":\"ImageObject\",\"inLanguage\":\"pl-PL\",\"@id\":\"https:\\\/\\\/secure.gravatar.com\\\/avatar\\\/244d7e0d756a1478029578c985492b8946c6ec124fb9f785ce31e2777df35b6e?s=96&d=mm&r=g\",\"url\":\"https:\\\/\\\/secure.gravatar.com\\\/avatar\\\/244d7e0d756a1478029578c985492b8946c6ec124fb9f785ce31e2777df35b6e?s=96&d=mm&r=g\",\"contentUrl\":\"https:\\\/\\\/secure.gravatar.com\\\/avatar\\\/244d7e0d756a1478029578c985492b8946c6ec124fb9f785ce31e2777df35b6e?s=96&d=mm&r=g\",\"caption\":\"promocja\"},\"sameAs\":[\"http:\\\/\\\/sp2.swidnica.pl\"],\"url\":\"https:\\\/\\\/www.sp2.swidnica.pl\\\/?author=3\"}]}<\/script>\n<!-- \/ Yoast SEO plugin. -->","yoast_head_json":{"title":"Wieczornica Patriotyczna \u2013 6 listopada 2025 r. - Szko\u0142a Podstawowa nr2","robots":{"index":"index","follow":"follow","max-snippet":"max-snippet:-1","max-image-preview":"max-image-preview:large","max-video-preview":"max-video-preview:-1"},"canonical":"https:\/\/www.sp2.swidnica.pl\/?p=15908","og_locale":"pl_PL","og_type":"article","og_title":"Wieczornica Patriotyczna \u2013 6 listopada 2025 r. - Szko\u0142a Podstawowa nr2","og_description":"Wieczornica Patriotyczna \u2013 6 listopada 2025 r. Wczoraj odby\u0142a si\u0119 niezwyk\u0142a Wieczornica Patriotyczna, w kt\u00f3rej udzia\u0142 wzi\u0119li wszyscy uczniowie klas 1\u20133. Nasze dzieci przygotowa\u0142y pi\u0119kne widowisko pe\u0142ne pie\u015bni, ta\u0144c\u00f3w i wierszy, wprowadzaj\u0105c wszystkich w wyj\u0105tkowy, wzruszaj\u0105cy nastr\u00f3j patriotyczny. W\u015br\u00f3d go\u015bci mieli\u015bmy zaszczyt powita\u0107 pana Tadeusza Grabowskiego \u2013 przedstawiciela Organizacji Kombatanckiej i \u017bo\u0142nierskiej w \u015awidnicy, Prezesa [&hellip;]","og_url":"https:\/\/www.sp2.swidnica.pl\/?p=15908","og_site_name":"Szko\u0142a Podstawowa nr2","article_published_time":"2025-11-17T10:52:14+00:00","article_modified_time":"2025-11-17T10:52:15+00:00","og_image":[{"width":2000,"height":1500,"url":"https:\/\/www.sp2.swidnica.pl\/wp-content\/uploads\/2025\/11\/579169493_1286791219916528_8818514759339400011_n.jpg","type":"image\/jpeg"}],"author":"promocja","twitter_card":"summary_large_image","twitter_misc":{"Napisane przez":"promocja","Szacowany czas czytania":"1 minuta"},"schema":{"@context":"https:\/\/schema.org","@graph":[{"@type":"Article","@id":"https:\/\/www.sp2.swidnica.pl\/?p=15908#article","isPartOf":{"@id":"https:\/\/www.sp2.swidnica.pl\/?p=15908"},"author":{"name":"promocja","@id":"https:\/\/www.sp2.swidnica.pl\/#\/schema\/person\/848bf2a13312aaecc57a3cef67ca3e70"},"headline":"Wieczornica Patriotyczna \u2013 6 listopada 2025 r.","datePublished":"2025-11-17T10:52:14+00:00","dateModified":"2025-11-17T10:52:15+00:00","mainEntityOfPage":{"@id":"https:\/\/www.sp2.swidnica.pl\/?p=15908"},"wordCount":266,"publisher":{"@id":"https:\/\/www.sp2.swidnica.pl\/#organization"},"image":{"@id":"https:\/\/www.sp2.swidnica.pl\/?p=15908#primaryimage"},"thumbnailUrl":"https:\/\/www.sp2.swidnica.pl\/wp-content\/uploads\/2025\/11\/579169493_1286791219916528_8818514759339400011_n.jpg","articleSection":["Aktualno\u015bci"],"inLanguage":"pl-PL"},{"@type":"WebPage","@id":"https:\/\/www.sp2.swidnica.pl\/?p=15908","url":"https:\/\/www.sp2.swidnica.pl\/?p=15908","name":"Wieczornica Patriotyczna \u2013 6 listopada 2025 r. - Szko\u0142a Podstawowa nr2","isPartOf":{"@id":"https:\/\/www.sp2.swidnica.pl\/#website"},"primaryImageOfPage":{"@id":"https:\/\/www.sp2.swidnica.pl\/?p=15908#primaryimage"},"image":{"@id":"https:\/\/www.sp2.swidnica.pl\/?p=15908#primaryimage"},"thumbnailUrl":"https:\/\/www.sp2.swidnica.pl\/wp-content\/uploads\/2025\/11\/579169493_1286791219916528_8818514759339400011_n.jpg","datePublished":"2025-11-17T10:52:14+00:00","dateModified":"2025-11-17T10:52:15+00:00","breadcrumb":{"@id":"https:\/\/www.sp2.swidnica.pl\/?p=15908#breadcrumb"},"inLanguage":"pl-PL","potentialAction":[{"@type":"ReadAction","target":["https:\/\/www.sp2.swidnica.pl\/?p=15908"]}]},{"@type":"ImageObject","inLanguage":"pl-PL","@id":"https:\/\/www.sp2.swidnica.pl\/?p=15908#primaryimage","url":"https:\/\/www.sp2.swidnica.pl\/wp-content\/uploads\/2025\/11\/579169493_1286791219916528_8818514759339400011_n.jpg","contentUrl":"https:\/\/www.sp2.swidnica.pl\/wp-content\/uploads\/2025\/11\/579169493_1286791219916528_8818514759339400011_n.jpg","width":2000,"height":1500},{"@type":"BreadcrumbList","@id":"https:\/\/www.sp2.swidnica.pl\/?p=15908#breadcrumb","itemListElement":[{"@type":"ListItem","position":1,"name":"Start","item":"https:\/\/www.sp2.swidnica.pl\/"},{"@type":"ListItem","position":2,"name":"Wieczornica Patriotyczna \u2013 6 listopada 2025 r."}]},{"@type":"WebSite","@id":"https:\/\/www.sp2.swidnica.pl\/#website","url":"https:\/\/www.sp2.swidnica.pl\/","name":"Szko\u0142a Podstawowa nr2","description":"","publisher":{"@id":"https:\/\/www.sp2.swidnica.pl\/#organization"},"potentialAction":[{"@type":"SearchAction","target":{"@type":"EntryPoint","urlTemplate":"https:\/\/www.sp2.swidnica.pl\/?s={search_term_string}"},"query-input":{"@type":"PropertyValueSpecification","valueRequired":true,"valueName":"search_term_string"}}],"inLanguage":"pl-PL"},{"@type":"Organization","@id":"https:\/\/www.sp2.swidnica.pl\/#organization","name":"Szko\u0142a Podstawowa nr2","url":"https:\/\/www.sp2.swidnica.pl\/","logo":{"@type":"ImageObject","inLanguage":"pl-PL","@id":"https:\/\/www.sp2.swidnica.pl\/#\/schema\/logo\/image\/","url":"https:\/\/www.sp2.swidnica.pl\/wp-content\/uploads\/2023\/12\/cropped-cropped-cropped-logo_gotowe1-1.png","contentUrl":"https:\/\/www.sp2.swidnica.pl\/wp-content\/uploads\/2023\/12\/cropped-cropped-cropped-logo_gotowe1-1.png","width":512,"height":512,"caption":"Szko\u0142a Podstawowa nr2"},"image":{"@id":"https:\/\/www.sp2.swidnica.pl\/#\/schema\/logo\/image\/"}},{"@type":"Person","@id":"https:\/\/www.sp2.swidnica.pl\/#\/schema\/person\/848bf2a13312aaecc57a3cef67ca3e70","name":"promocja","image":{"@type":"ImageObject","inLanguage":"pl-PL","@id":"https:\/\/secure.gravatar.com\/avatar\/244d7e0d756a1478029578c985492b8946c6ec124fb9f785ce31e2777df35b6e?s=96&d=mm&r=g","url":"https:\/\/secure.gravatar.com\/avatar\/244d7e0d756a1478029578c985492b8946c6ec124fb9f785ce31e2777df35b6e?s=96&d=mm&r=g","contentUrl":"https:\/\/secure.gravatar.com\/avatar\/244d7e0d756a1478029578c985492b8946c6ec124fb9f785ce31e2777df35b6e?s=96&d=mm&r=g","caption":"promocja"},"sameAs":["http:\/\/sp2.swidnica.pl"],"url":"https:\/\/www.sp2.swidnica.pl\/?author=3"}]}},"_links":{"self":[{"href":"https:\/\/www.sp2.swidnica.pl\/index.php?rest_route=\/wp\/v2\/posts\/15908","targetHints":{"allow":["GET"]}}],"collection":[{"href":"https:\/\/www.sp2.swidnica.pl\/index.php?rest_route=\/wp\/v2\/posts"}],"about":[{"href":"https:\/\/www.sp2.swidnica.pl\/index.php?rest_route=\/wp\/v2\/types\/post"}],"author":[{"embeddable":true,"href":"https:\/\/www.sp2.swidnica.pl\/index.php?rest_route=\/wp\/v2\/users\/3"}],"replies":[{"embeddable":true,"href":"https:\/\/www.sp2.swidnica.pl\/index.php?rest_route=%2Fwp%2Fv2%2Fcomments&post=15908"}],"version-history":[{"count":1,"href":"https:\/\/www.sp2.swidnica.pl\/index.php?rest_route=\/wp\/v2\/posts\/15908\/revisions"}],"predecessor-version":[{"id":15919,"href":"https:\/\/www.sp2.swidnica.pl\/index.php?rest_route=\/wp\/v2\/posts\/15908\/revisions\/15919"}],"wp:featuredmedia":[{"embeddable":true,"href":"https:\/\/www.sp2.swidnica.pl\/index.php?rest_route=\/wp\/v2\/media\/15918"}],"wp:attachment":[{"href":"https:\/\/www.sp2.swidnica.pl\/index.php?rest_route=%2Fwp%2Fv2%2Fmedia&parent=15908"}],"wp:term":[{"taxonomy":"category","embeddable":true,"href":"https:\/\/www.sp2.swidnica.pl\/index.php?rest_route=%2Fwp%2Fv2%2Fcategories&post=15908"},{"taxonomy":"post_tag","embeddable":true,"href":"https:\/\/www.sp2.swidnica.pl\/index.php?rest_route=%2Fwp%2Fv2%2Ftags&post=15908"}],"curies":[{"name":"wp","href":"https:\/\/api.w.org\/{rel}","templated":true}]}}