{"id":15921,"date":"2025-11-17T11:58:20","date_gmt":"2025-11-17T10:58:20","guid":{"rendered":"https:\/\/www.sp2.swidnica.pl\/?p=15921"},"modified":"2025-11-17T11:58:21","modified_gmt":"2025-11-17T10:58:21","slug":"szkola-do-hymnu-razem-dla-niepodleglej","status":"publish","type":"post","link":"https:\/\/www.sp2.swidnica.pl\/?p=15921","title":{"rendered":"\u201eSzko\u0142a do hymnu\u201d \u2013 razem dla Niepodleg\u0142ej!"},"content":{"rendered":"\n<p class=\"has-text-align-center has-medium-font-size\"><img loading=\"lazy\" decoding=\"async\" height=\"16\" width=\"16\" alt=\"\ud83c\uddf5\ud83c\uddf1\" src=\"https:\/\/static.xx.fbcdn.net\/images\/emoji.php\/v9\/te0\/1\/16\/1f1f5_1f1f1.png\"> \u201eSzko\u0142a do hymnu\u201d \u2013 razem dla Niepodleg\u0142ej! <img loading=\"lazy\" decoding=\"async\" height=\"16\" width=\"16\" alt=\"\ud83c\uddf5\ud83c\uddf1\" src=\"https:\/\/static.xx.fbcdn.net\/images\/emoji.php\/v9\/te0\/1\/16\/1f1f5_1f1f1.png\"><\/p>\n\n\n\n<p class=\"has-text-align-center has-medium-font-size\">Dzi\u015b, jak co roku, nasza szko\u0142a w\u0142\u0105czy\u0142a si\u0119 w og\u00f3lnopolsk\u0105 akcj\u0119 <a href=\"https:\/\/www.facebook.com\/hashtag\/szko%C5%82adohymnu?__eep__=6&amp;__cft__[0]=AZXWhBbIZEs2lVWB6lrrNakMoBhvnB6fGtLUg9doMx0qOfsSFgBlhn5GZQ5CaaXO6oTyHulrUwBd6oaglK33DWnJq_-c1zqsTeIRU5J0fk5EvmPEL1Jc3n25dT6qe2uyUwPou7lfAvvVHAR5unFMR_dh-v_-3vsduEeyQgeEDBjiToRwBIQ1-xwbETULpxcNn7M&amp;__tn__=*NK-R\">#Szko\u0142aDoHymnu<\/a>, <\/p>\n\n\n\n<p class=\"has-text-align-center has-medium-font-size\">upami\u0119tniaj\u0105c Narodowe \u015awi\u0119to Niepodleg\u0142o\u015bci \u2013 11 listopada.<\/p>\n\n\n\n<p class=\"has-text-align-center has-medium-font-size\">O godzinie 11:11 ca\u0142a spo\u0142eczno\u015b\u0107 szkolna z dum\u0105 od\u015bpiewa\u0142a \u201eMazurka D\u0105browskiego\u201d, <\/p>\n\n\n\n<p class=\"has-text-align-center has-medium-font-size\">oddaj\u0105c ho\u0142d tym, kt\u00f3rzy walczyli o wolno\u015b\u0107 naszej Ojczyzny.<\/p>\n\n\n\n<p class=\"has-text-align-center has-medium-font-size\">To dla nas wyj\u0105tkowy moment refleksji, wsp\u00f3lnoty i rado\u015bci z bycia Polakami <img loading=\"lazy\" decoding=\"async\" height=\"16\" width=\"16\" alt=\"\u2764\ufe0f\" src=\"https:\/\/static.xx.fbcdn.net\/images\/emoji.php\/v9\/t6c\/1\/16\/2764.png\"><img loading=\"lazy\" decoding=\"async\" height=\"16\" width=\"16\" alt=\"\ud83e\udd0d\" src=\"https:\/\/static.xx.fbcdn.net\/images\/emoji.php\/v9\/tc5\/1\/16\/1f90d.png\"><\/p>\n\n\n\n<p><\/p>\n\n\n\n<figure class=\"wp-block-gallery has-nested-images columns-default is-cropped wp-block-gallery-1 is-layout-flex wp-block-gallery-is-layout-flex\">\n<figure class=\"wp-block-image size-large\"><img loading=\"lazy\" decoding=\"async\" width=\"1024\" height=\"1024\" data-id=\"15924\" src=\"https:\/\/www.sp2.swidnica.pl\/wp-content\/uploads\/2025\/11\/576994477_1286814816580835_4504085874977548634_n-1024x1024.jpg\" alt=\"\" class=\"wp-image-15924\" srcset=\"https:\/\/www.sp2.swidnica.pl\/wp-content\/uploads\/2025\/11\/576994477_1286814816580835_4504085874977548634_n-980x735.jpg 980w, https:\/\/www.sp2.swidnica.pl\/wp-content\/uploads\/2025\/11\/576994477_1286814816580835_4504085874977548634_n-480x360.jpg 480w\" sizes=\"auto, (min-width: 0px) and (max-width: 480px) 480px, (min-width: 481px) and (max-width: 980px) 980px, (min-width: 981px) 1024px, 100vw\" \/><\/figure>\n\n\n\n<figure class=\"wp-block-image size-large\"><img loading=\"lazy\" decoding=\"async\" width=\"1024\" height=\"1024\" data-id=\"15923\" src=\"https:\/\/www.sp2.swidnica.pl\/wp-content\/uploads\/2025\/11\/577763471_1286815009914149_4149025967041679688_n-1024x1024.jpg\" alt=\"\" class=\"wp-image-15923\" srcset=\"https:\/\/www.sp2.swidnica.pl\/wp-content\/uploads\/2025\/11\/577763471_1286815009914149_4149025967041679688_n-980x735.jpg 980w, https:\/\/www.sp2.swidnica.pl\/wp-content\/uploads\/2025\/11\/577763471_1286815009914149_4149025967041679688_n-480x360.jpg 480w\" sizes=\"auto, (min-width: 0px) and (max-width: 480px) 480px, (min-width: 481px) and (max-width: 980px) 980px, (min-width: 981px) 1024px, 100vw\" \/><\/figure>\n\n\n\n<figure class=\"wp-block-image size-large\"><img loading=\"lazy\" decoding=\"async\" width=\"1024\" height=\"1024\" data-id=\"15926\" src=\"https:\/\/www.sp2.swidnica.pl\/wp-content\/uploads\/2025\/11\/578757318_1286815206580796_7124671391471533494_n-1024x1024.jpg\" alt=\"\" class=\"wp-image-15926\" srcset=\"https:\/\/www.sp2.swidnica.pl\/wp-content\/uploads\/2025\/11\/578757318_1286815206580796_7124671391471533494_n-980x735.jpg 980w, https:\/\/www.sp2.swidnica.pl\/wp-content\/uploads\/2025\/11\/578757318_1286815206580796_7124671391471533494_n-480x360.jpg 480w\" sizes=\"auto, (min-width: 0px) and (max-width: 480px) 480px, (min-width: 481px) and (max-width: 980px) 980px, (min-width: 981px) 1024px, 100vw\" \/><\/figure>\n\n\n\n<figure class=\"wp-block-image size-large\"><img loading=\"lazy\" decoding=\"async\" width=\"1024\" height=\"1024\" data-id=\"15927\" src=\"https:\/\/www.sp2.swidnica.pl\/wp-content\/uploads\/2025\/11\/578800065_1286815083247475_7575127428425323203_n-1024x1024.jpg\" alt=\"\" class=\"wp-image-15927\" srcset=\"https:\/\/www.sp2.swidnica.pl\/wp-content\/uploads\/2025\/11\/578800065_1286815083247475_7575127428425323203_n-980x735.jpg 980w, https:\/\/www.sp2.swidnica.pl\/wp-content\/uploads\/2025\/11\/578800065_1286815083247475_7575127428425323203_n-480x360.jpg 480w\" sizes=\"auto, (min-width: 0px) and (max-width: 480px) 480px, (min-width: 481px) and (max-width: 980px) 980px, (min-width: 981px) 1024px, 100vw\" \/><\/figure>\n\n\n\n<figure class=\"wp-block-image size-large\"><img loading=\"lazy\" decoding=\"async\" width=\"1024\" height=\"1024\" data-id=\"15928\" src=\"https:\/\/www.sp2.swidnica.pl\/wp-content\/uploads\/2025\/11\/578929304_1286815289914121_341153997675449521_n-1024x1024.jpg\" alt=\"\" class=\"wp-image-15928\" srcset=\"https:\/\/www.sp2.swidnica.pl\/wp-content\/uploads\/2025\/11\/578929304_1286815289914121_341153997675449521_n-980x735.jpg 980w, https:\/\/www.sp2.swidnica.pl\/wp-content\/uploads\/2025\/11\/578929304_1286815289914121_341153997675449521_n-480x360.jpg 480w\" sizes=\"auto, (min-width: 0px) and (max-width: 480px) 480px, (min-width: 481px) and (max-width: 980px) 980px, (min-width: 981px) 1024px, 100vw\" \/><\/figure>\n\n\n\n<figure class=\"wp-block-image size-large\"><img loading=\"lazy\" decoding=\"async\" width=\"1024\" height=\"1024\" data-id=\"15925\" src=\"https:\/\/www.sp2.swidnica.pl\/wp-content\/uploads\/2025\/11\/579787892_1286814889914161_195439695523980749_n-1024x1024.jpg\" alt=\"\" class=\"wp-image-15925\" srcset=\"https:\/\/www.sp2.swidnica.pl\/wp-content\/uploads\/2025\/11\/579787892_1286814889914161_195439695523980749_n-980x735.jpg 980w, https:\/\/www.sp2.swidnica.pl\/wp-content\/uploads\/2025\/11\/579787892_1286814889914161_195439695523980749_n-480x360.jpg 480w\" sizes=\"auto, (min-width: 0px) and (max-width: 480px) 480px, (min-width: 481px) and (max-width: 980px) 980px, (min-width: 981px) 1024px, 100vw\" \/><\/figure>\n\n\n\n<figure class=\"wp-block-image size-large\"><img loading=\"lazy\" decoding=\"async\" width=\"1024\" height=\"1024\" data-id=\"15929\" src=\"https:\/\/www.sp2.swidnica.pl\/wp-content\/uploads\/2025\/11\/579964501_1286815146580802_7182155919854539187_n-1024x1024.jpg\" alt=\"\" class=\"wp-image-15929\" srcset=\"https:\/\/www.sp2.swidnica.pl\/wp-content\/uploads\/2025\/11\/579964501_1286815146580802_7182155919854539187_n-980x735.jpg 980w, https:\/\/www.sp2.swidnica.pl\/wp-content\/uploads\/2025\/11\/579964501_1286815146580802_7182155919854539187_n-480x360.jpg 480w\" sizes=\"auto, (min-width: 0px) and (max-width: 480px) 480px, (min-width: 481px) and (max-width: 980px) 980px, (min-width: 981px) 1024px, 100vw\" \/><\/figure>\n\n\n\n<figure class=\"wp-block-image size-large\"><img loading=\"lazy\" decoding=\"async\" width=\"1024\" height=\"1024\" data-id=\"15930\" src=\"https:\/\/www.sp2.swidnica.pl\/wp-content\/uploads\/2025\/11\/580083560_1286814953247488_8893902232579177456_n-1024x1024.jpg\" alt=\"\" class=\"wp-image-15930\" srcset=\"https:\/\/www.sp2.swidnica.pl\/wp-content\/uploads\/2025\/11\/580083560_1286814953247488_8893902232579177456_n-980x735.jpg 980w, https:\/\/www.sp2.swidnica.pl\/wp-content\/uploads\/2025\/11\/580083560_1286814953247488_8893902232579177456_n-480x360.jpg 480w\" sizes=\"auto, (min-width: 0px) and (max-width: 480px) 480px, (min-width: 481px) and (max-width: 980px) 980px, (min-width: 981px) 1024px, 100vw\" \/><\/figure>\n<\/figure>\n","protected":false},"excerpt":{"rendered":"<p>\u201eSzko\u0142a do hymnu\u201d \u2013 razem dla Niepodleg\u0142ej! Dzi\u015b, jak co roku, nasza szko\u0142a w\u0142\u0105czy\u0142a si\u0119 w og\u00f3lnopolsk\u0105 akcj\u0119 #Szko\u0142aDoHymnu, upami\u0119tniaj\u0105c Narodowe \u015awi\u0119to Niepodleg\u0142o\u015bci \u2013 11 listopada. O godzinie 11:11 ca\u0142a spo\u0142eczno\u015b\u0107 szkolna z dum\u0105 od\u015bpiewa\u0142a \u201eMazurka D\u0105browskiego\u201d, oddaj\u0105c ho\u0142d tym, kt\u00f3rzy walczyli o wolno\u015b\u0107 naszej Ojczyzny. To dla nas wyj\u0105tkowy moment refleksji, wsp\u00f3lnoty i rado\u015bci [&hellip;]<\/p>\n","protected":false},"author":3,"featured_media":15922,"comment_status":"closed","ping_status":"closed","sticky":false,"template":"","format":"standard","meta":{"_et_pb_use_builder":"off","_et_pb_old_content":"","_et_gb_content_width":"","footnotes":""},"categories":[60],"tags":[],"class_list":["post-15921","post","type-post","status-publish","format-standard","has-post-thumbnail","hentry","category-aktualnosci"],"yoast_head":"<!-- This site is optimized with the Yoast SEO plugin v27.5 - https:\/\/yoast.com\/product\/yoast-seo-wordpress\/ -->\n<title>\u201eSzko\u0142a do hymnu\u201d \u2013 razem dla Niepodleg\u0142ej! - Szko\u0142a Podstawowa nr2<\/title>\n<meta name=\"robots\" content=\"index, follow, max-snippet:-1, max-image-preview:large, max-video-preview:-1\" \/>\n<link rel=\"canonical\" href=\"https:\/\/www.sp2.swidnica.pl\/?p=15921\" \/>\n<meta property=\"og:locale\" content=\"pl_PL\" \/>\n<meta property=\"og:type\" content=\"article\" \/>\n<meta property=\"og:title\" content=\"\u201eSzko\u0142a do hymnu\u201d \u2013 razem dla Niepodleg\u0142ej! - Szko\u0142a Podstawowa nr2\" \/>\n<meta property=\"og:description\" content=\"\u201eSzko\u0142a do hymnu\u201d \u2013 razem dla Niepodleg\u0142ej! Dzi\u015b, jak co roku, nasza szko\u0142a w\u0142\u0105czy\u0142a si\u0119 w og\u00f3lnopolsk\u0105 akcj\u0119 #Szko\u0142aDoHymnu, upami\u0119tniaj\u0105c Narodowe \u015awi\u0119to Niepodleg\u0142o\u015bci \u2013 11 listopada. O godzinie 11:11 ca\u0142a spo\u0142eczno\u015b\u0107 szkolna z dum\u0105 od\u015bpiewa\u0142a \u201eMazurka D\u0105browskiego\u201d, oddaj\u0105c ho\u0142d tym, kt\u00f3rzy walczyli o wolno\u015b\u0107 naszej Ojczyzny. To dla nas wyj\u0105tkowy moment refleksji, wsp\u00f3lnoty i rado\u015bci [&hellip;]\" \/>\n<meta property=\"og:url\" content=\"https:\/\/www.sp2.swidnica.pl\/?p=15921\" \/>\n<meta property=\"og:site_name\" content=\"Szko\u0142a Podstawowa nr2\" \/>\n<meta property=\"article:published_time\" content=\"2025-11-17T10:58:20+00:00\" \/>\n<meta property=\"article:modified_time\" content=\"2025-11-17T10:58:21+00:00\" \/>\n<meta property=\"og:image\" content=\"https:\/\/www.sp2.swidnica.pl\/wp-content\/uploads\/2025\/11\/576994014_1286814753247508_4760175248986786556_n.jpg\" \/>\n\t<meta property=\"og:image:width\" content=\"1600\" \/>\n\t<meta property=\"og:image:height\" content=\"1200\" \/>\n\t<meta property=\"og:image:type\" content=\"image\/jpeg\" \/>\n<meta name=\"author\" content=\"promocja\" \/>\n<meta name=\"twitter:card\" content=\"summary_large_image\" \/>\n<meta name=\"twitter:label1\" content=\"Napisane przez\" \/>\n\t<meta name=\"twitter:data1\" content=\"promocja\" \/>\n<script type=\"application\/ld+json\" class=\"yoast-schema-graph\">{\"@context\":\"https:\\\/\\\/schema.org\",\"@graph\":[{\"@type\":\"Article\",\"@id\":\"https:\\\/\\\/www.sp2.swidnica.pl\\\/?p=15921#article\",\"isPartOf\":{\"@id\":\"https:\\\/\\\/www.sp2.swidnica.pl\\\/?p=15921\"},\"author\":{\"name\":\"promocja\",\"@id\":\"https:\\\/\\\/www.sp2.swidnica.pl\\\/#\\\/schema\\\/person\\\/848bf2a13312aaecc57a3cef67ca3e70\"},\"headline\":\"\u201eSzko\u0142a do hymnu\u201d \u2013 razem dla Niepodleg\u0142ej!\",\"datePublished\":\"2025-11-17T10:58:20+00:00\",\"dateModified\":\"2025-11-17T10:58:21+00:00\",\"mainEntityOfPage\":{\"@id\":\"https:\\\/\\\/www.sp2.swidnica.pl\\\/?p=15921\"},\"wordCount\":85,\"publisher\":{\"@id\":\"https:\\\/\\\/www.sp2.swidnica.pl\\\/#organization\"},\"image\":{\"@id\":\"https:\\\/\\\/www.sp2.swidnica.pl\\\/?p=15921#primaryimage\"},\"thumbnailUrl\":\"https:\\\/\\\/www.sp2.swidnica.pl\\\/wp-content\\\/uploads\\\/2025\\\/11\\\/576994014_1286814753247508_4760175248986786556_n.jpg\",\"articleSection\":[\"Aktualno\u015bci\"],\"inLanguage\":\"pl-PL\"},{\"@type\":\"WebPage\",\"@id\":\"https:\\\/\\\/www.sp2.swidnica.pl\\\/?p=15921\",\"url\":\"https:\\\/\\\/www.sp2.swidnica.pl\\\/?p=15921\",\"name\":\"\u201eSzko\u0142a do hymnu\u201d \u2013 razem dla Niepodleg\u0142ej! - Szko\u0142a Podstawowa nr2\",\"isPartOf\":{\"@id\":\"https:\\\/\\\/www.sp2.swidnica.pl\\\/#website\"},\"primaryImageOfPage\":{\"@id\":\"https:\\\/\\\/www.sp2.swidnica.pl\\\/?p=15921#primaryimage\"},\"image\":{\"@id\":\"https:\\\/\\\/www.sp2.swidnica.pl\\\/?p=15921#primaryimage\"},\"thumbnailUrl\":\"https:\\\/\\\/www.sp2.swidnica.pl\\\/wp-content\\\/uploads\\\/2025\\\/11\\\/576994014_1286814753247508_4760175248986786556_n.jpg\",\"datePublished\":\"2025-11-17T10:58:20+00:00\",\"dateModified\":\"2025-11-17T10:58:21+00:00\",\"breadcrumb\":{\"@id\":\"https:\\\/\\\/www.sp2.swidnica.pl\\\/?p=15921#breadcrumb\"},\"inLanguage\":\"pl-PL\",\"potentialAction\":[{\"@type\":\"ReadAction\",\"target\":[\"https:\\\/\\\/www.sp2.swidnica.pl\\\/?p=15921\"]}]},{\"@type\":\"ImageObject\",\"inLanguage\":\"pl-PL\",\"@id\":\"https:\\\/\\\/www.sp2.swidnica.pl\\\/?p=15921#primaryimage\",\"url\":\"https:\\\/\\\/www.sp2.swidnica.pl\\\/wp-content\\\/uploads\\\/2025\\\/11\\\/576994014_1286814753247508_4760175248986786556_n.jpg\",\"contentUrl\":\"https:\\\/\\\/www.sp2.swidnica.pl\\\/wp-content\\\/uploads\\\/2025\\\/11\\\/576994014_1286814753247508_4760175248986786556_n.jpg\",\"width\":1600,\"height\":1200},{\"@type\":\"BreadcrumbList\",\"@id\":\"https:\\\/\\\/www.sp2.swidnica.pl\\\/?p=15921#breadcrumb\",\"itemListElement\":[{\"@type\":\"ListItem\",\"position\":1,\"name\":\"Start\",\"item\":\"https:\\\/\\\/www.sp2.swidnica.pl\\\/\"},{\"@type\":\"ListItem\",\"position\":2,\"name\":\"\u201eSzko\u0142a do hymnu\u201d \u2013 razem dla Niepodleg\u0142ej!\"}]},{\"@type\":\"WebSite\",\"@id\":\"https:\\\/\\\/www.sp2.swidnica.pl\\\/#website\",\"url\":\"https:\\\/\\\/www.sp2.swidnica.pl\\\/\",\"name\":\"Szko\u0142a Podstawowa nr2\",\"description\":\"\",\"publisher\":{\"@id\":\"https:\\\/\\\/www.sp2.swidnica.pl\\\/#organization\"},\"potentialAction\":[{\"@type\":\"SearchAction\",\"target\":{\"@type\":\"EntryPoint\",\"urlTemplate\":\"https:\\\/\\\/www.sp2.swidnica.pl\\\/?s={search_term_string}\"},\"query-input\":{\"@type\":\"PropertyValueSpecification\",\"valueRequired\":true,\"valueName\":\"search_term_string\"}}],\"inLanguage\":\"pl-PL\"},{\"@type\":\"Organization\",\"@id\":\"https:\\\/\\\/www.sp2.swidnica.pl\\\/#organization\",\"name\":\"Szko\u0142a Podstawowa nr2\",\"url\":\"https:\\\/\\\/www.sp2.swidnica.pl\\\/\",\"logo\":{\"@type\":\"ImageObject\",\"inLanguage\":\"pl-PL\",\"@id\":\"https:\\\/\\\/www.sp2.swidnica.pl\\\/#\\\/schema\\\/logo\\\/image\\\/\",\"url\":\"https:\\\/\\\/www.sp2.swidnica.pl\\\/wp-content\\\/uploads\\\/2023\\\/12\\\/cropped-cropped-cropped-logo_gotowe1-1.png\",\"contentUrl\":\"https:\\\/\\\/www.sp2.swidnica.pl\\\/wp-content\\\/uploads\\\/2023\\\/12\\\/cropped-cropped-cropped-logo_gotowe1-1.png\",\"width\":512,\"height\":512,\"caption\":\"Szko\u0142a Podstawowa nr2\"},\"image\":{\"@id\":\"https:\\\/\\\/www.sp2.swidnica.pl\\\/#\\\/schema\\\/logo\\\/image\\\/\"}},{\"@type\":\"Person\",\"@id\":\"https:\\\/\\\/www.sp2.swidnica.pl\\\/#\\\/schema\\\/person\\\/848bf2a13312aaecc57a3cef67ca3e70\",\"name\":\"promocja\",\"image\":{\"@type\":\"ImageObject\",\"inLanguage\":\"pl-PL\",\"@id\":\"https:\\\/\\\/secure.gravatar.com\\\/avatar\\\/244d7e0d756a1478029578c985492b8946c6ec124fb9f785ce31e2777df35b6e?s=96&d=mm&r=g\",\"url\":\"https:\\\/\\\/secure.gravatar.com\\\/avatar\\\/244d7e0d756a1478029578c985492b8946c6ec124fb9f785ce31e2777df35b6e?s=96&d=mm&r=g\",\"contentUrl\":\"https:\\\/\\\/secure.gravatar.com\\\/avatar\\\/244d7e0d756a1478029578c985492b8946c6ec124fb9f785ce31e2777df35b6e?s=96&d=mm&r=g\",\"caption\":\"promocja\"},\"sameAs\":[\"http:\\\/\\\/sp2.swidnica.pl\"],\"url\":\"https:\\\/\\\/www.sp2.swidnica.pl\\\/?author=3\"}]}<\/script>\n<!-- \/ Yoast SEO plugin. -->","yoast_head_json":{"title":"\u201eSzko\u0142a do hymnu\u201d \u2013 razem dla Niepodleg\u0142ej! - Szko\u0142a Podstawowa nr2","robots":{"index":"index","follow":"follow","max-snippet":"max-snippet:-1","max-image-preview":"max-image-preview:large","max-video-preview":"max-video-preview:-1"},"canonical":"https:\/\/www.sp2.swidnica.pl\/?p=15921","og_locale":"pl_PL","og_type":"article","og_title":"\u201eSzko\u0142a do hymnu\u201d \u2013 razem dla Niepodleg\u0142ej! - Szko\u0142a Podstawowa nr2","og_description":"\u201eSzko\u0142a do hymnu\u201d \u2013 razem dla Niepodleg\u0142ej! Dzi\u015b, jak co roku, nasza szko\u0142a w\u0142\u0105czy\u0142a si\u0119 w og\u00f3lnopolsk\u0105 akcj\u0119 #Szko\u0142aDoHymnu, upami\u0119tniaj\u0105c Narodowe \u015awi\u0119to Niepodleg\u0142o\u015bci \u2013 11 listopada. O godzinie 11:11 ca\u0142a spo\u0142eczno\u015b\u0107 szkolna z dum\u0105 od\u015bpiewa\u0142a \u201eMazurka D\u0105browskiego\u201d, oddaj\u0105c ho\u0142d tym, kt\u00f3rzy walczyli o wolno\u015b\u0107 naszej Ojczyzny. To dla nas wyj\u0105tkowy moment refleksji, wsp\u00f3lnoty i rado\u015bci [&hellip;]","og_url":"https:\/\/www.sp2.swidnica.pl\/?p=15921","og_site_name":"Szko\u0142a Podstawowa nr2","article_published_time":"2025-11-17T10:58:20+00:00","article_modified_time":"2025-11-17T10:58:21+00:00","og_image":[{"width":1600,"height":1200,"url":"https:\/\/www.sp2.swidnica.pl\/wp-content\/uploads\/2025\/11\/576994014_1286814753247508_4760175248986786556_n.jpg","type":"image\/jpeg"}],"author":"promocja","twitter_card":"summary_large_image","twitter_misc":{"Napisane przez":"promocja"},"schema":{"@context":"https:\/\/schema.org","@graph":[{"@type":"Article","@id":"https:\/\/www.sp2.swidnica.pl\/?p=15921#article","isPartOf":{"@id":"https:\/\/www.sp2.swidnica.pl\/?p=15921"},"author":{"name":"promocja","@id":"https:\/\/www.sp2.swidnica.pl\/#\/schema\/person\/848bf2a13312aaecc57a3cef67ca3e70"},"headline":"\u201eSzko\u0142a do hymnu\u201d \u2013 razem dla Niepodleg\u0142ej!","datePublished":"2025-11-17T10:58:20+00:00","dateModified":"2025-11-17T10:58:21+00:00","mainEntityOfPage":{"@id":"https:\/\/www.sp2.swidnica.pl\/?p=15921"},"wordCount":85,"publisher":{"@id":"https:\/\/www.sp2.swidnica.pl\/#organization"},"image":{"@id":"https:\/\/www.sp2.swidnica.pl\/?p=15921#primaryimage"},"thumbnailUrl":"https:\/\/www.sp2.swidnica.pl\/wp-content\/uploads\/2025\/11\/576994014_1286814753247508_4760175248986786556_n.jpg","articleSection":["Aktualno\u015bci"],"inLanguage":"pl-PL"},{"@type":"WebPage","@id":"https:\/\/www.sp2.swidnica.pl\/?p=15921","url":"https:\/\/www.sp2.swidnica.pl\/?p=15921","name":"\u201eSzko\u0142a do hymnu\u201d \u2013 razem dla Niepodleg\u0142ej! - Szko\u0142a Podstawowa nr2","isPartOf":{"@id":"https:\/\/www.sp2.swidnica.pl\/#website"},"primaryImageOfPage":{"@id":"https:\/\/www.sp2.swidnica.pl\/?p=15921#primaryimage"},"image":{"@id":"https:\/\/www.sp2.swidnica.pl\/?p=15921#primaryimage"},"thumbnailUrl":"https:\/\/www.sp2.swidnica.pl\/wp-content\/uploads\/2025\/11\/576994014_1286814753247508_4760175248986786556_n.jpg","datePublished":"2025-11-17T10:58:20+00:00","dateModified":"2025-11-17T10:58:21+00:00","breadcrumb":{"@id":"https:\/\/www.sp2.swidnica.pl\/?p=15921#breadcrumb"},"inLanguage":"pl-PL","potentialAction":[{"@type":"ReadAction","target":["https:\/\/www.sp2.swidnica.pl\/?p=15921"]}]},{"@type":"ImageObject","inLanguage":"pl-PL","@id":"https:\/\/www.sp2.swidnica.pl\/?p=15921#primaryimage","url":"https:\/\/www.sp2.swidnica.pl\/wp-content\/uploads\/2025\/11\/576994014_1286814753247508_4760175248986786556_n.jpg","contentUrl":"https:\/\/www.sp2.swidnica.pl\/wp-content\/uploads\/2025\/11\/576994014_1286814753247508_4760175248986786556_n.jpg","width":1600,"height":1200},{"@type":"BreadcrumbList","@id":"https:\/\/www.sp2.swidnica.pl\/?p=15921#breadcrumb","itemListElement":[{"@type":"ListItem","position":1,"name":"Start","item":"https:\/\/www.sp2.swidnica.pl\/"},{"@type":"ListItem","position":2,"name":"\u201eSzko\u0142a do hymnu\u201d \u2013 razem dla Niepodleg\u0142ej!"}]},{"@type":"WebSite","@id":"https:\/\/www.sp2.swidnica.pl\/#website","url":"https:\/\/www.sp2.swidnica.pl\/","name":"Szko\u0142a Podstawowa nr2","description":"","publisher":{"@id":"https:\/\/www.sp2.swidnica.pl\/#organization"},"potentialAction":[{"@type":"SearchAction","target":{"@type":"EntryPoint","urlTemplate":"https:\/\/www.sp2.swidnica.pl\/?s={search_term_string}"},"query-input":{"@type":"PropertyValueSpecification","valueRequired":true,"valueName":"search_term_string"}}],"inLanguage":"pl-PL"},{"@type":"Organization","@id":"https:\/\/www.sp2.swidnica.pl\/#organization","name":"Szko\u0142a Podstawowa nr2","url":"https:\/\/www.sp2.swidnica.pl\/","logo":{"@type":"ImageObject","inLanguage":"pl-PL","@id":"https:\/\/www.sp2.swidnica.pl\/#\/schema\/logo\/image\/","url":"https:\/\/www.sp2.swidnica.pl\/wp-content\/uploads\/2023\/12\/cropped-cropped-cropped-logo_gotowe1-1.png","contentUrl":"https:\/\/www.sp2.swidnica.pl\/wp-content\/uploads\/2023\/12\/cropped-cropped-cropped-logo_gotowe1-1.png","width":512,"height":512,"caption":"Szko\u0142a Podstawowa nr2"},"image":{"@id":"https:\/\/www.sp2.swidnica.pl\/#\/schema\/logo\/image\/"}},{"@type":"Person","@id":"https:\/\/www.sp2.swidnica.pl\/#\/schema\/person\/848bf2a13312aaecc57a3cef67ca3e70","name":"promocja","image":{"@type":"ImageObject","inLanguage":"pl-PL","@id":"https:\/\/secure.gravatar.com\/avatar\/244d7e0d756a1478029578c985492b8946c6ec124fb9f785ce31e2777df35b6e?s=96&d=mm&r=g","url":"https:\/\/secure.gravatar.com\/avatar\/244d7e0d756a1478029578c985492b8946c6ec124fb9f785ce31e2777df35b6e?s=96&d=mm&r=g","contentUrl":"https:\/\/secure.gravatar.com\/avatar\/244d7e0d756a1478029578c985492b8946c6ec124fb9f785ce31e2777df35b6e?s=96&d=mm&r=g","caption":"promocja"},"sameAs":["http:\/\/sp2.swidnica.pl"],"url":"https:\/\/www.sp2.swidnica.pl\/?author=3"}]}},"_links":{"self":[{"href":"https:\/\/www.sp2.swidnica.pl\/index.php?rest_route=\/wp\/v2\/posts\/15921","targetHints":{"allow":["GET"]}}],"collection":[{"href":"https:\/\/www.sp2.swidnica.pl\/index.php?rest_route=\/wp\/v2\/posts"}],"about":[{"href":"https:\/\/www.sp2.swidnica.pl\/index.php?rest_route=\/wp\/v2\/types\/post"}],"author":[{"embeddable":true,"href":"https:\/\/www.sp2.swidnica.pl\/index.php?rest_route=\/wp\/v2\/users\/3"}],"replies":[{"embeddable":true,"href":"https:\/\/www.sp2.swidnica.pl\/index.php?rest_route=%2Fwp%2Fv2%2Fcomments&post=15921"}],"version-history":[{"count":1,"href":"https:\/\/www.sp2.swidnica.pl\/index.php?rest_route=\/wp\/v2\/posts\/15921\/revisions"}],"predecessor-version":[{"id":15931,"href":"https:\/\/www.sp2.swidnica.pl\/index.php?rest_route=\/wp\/v2\/posts\/15921\/revisions\/15931"}],"wp:featuredmedia":[{"embeddable":true,"href":"https:\/\/www.sp2.swidnica.pl\/index.php?rest_route=\/wp\/v2\/media\/15922"}],"wp:attachment":[{"href":"https:\/\/www.sp2.swidnica.pl\/index.php?rest_route=%2Fwp%2Fv2%2Fmedia&parent=15921"}],"wp:term":[{"taxonomy":"category","embeddable":true,"href":"https:\/\/www.sp2.swidnica.pl\/index.php?rest_route=%2Fwp%2Fv2%2Fcategories&post=15921"},{"taxonomy":"post_tag","embeddable":true,"href":"https:\/\/www.sp2.swidnica.pl\/index.php?rest_route=%2Fwp%2Fv2%2Ftags&post=15921"}],"curies":[{"name":"wp","href":"https:\/\/api.w.org\/{rel}","templated":true}]}}