{"id":16259,"date":"2025-12-08T14:02:51","date_gmt":"2025-12-08T13:02:51","guid":{"rendered":"https:\/\/www.sp2.swidnica.pl\/?p=16259"},"modified":"2025-12-08T14:04:54","modified_gmt":"2025-12-08T13:04:54","slug":"biblioteka-zaprasza-2","status":"publish","type":"post","link":"https:\/\/www.sp2.swidnica.pl\/?p=16259","title":{"rendered":"Biblioteka zaprasza"},"content":{"rendered":"\n<p class=\"has-text-align-center has-medium-font-size\">Ju\u017c nie ma\u0142ymi, a du\u017cymi krokami zbli\u017ca si\u0119 magiczny, pe\u0142en mi\u0142o\u015bci <\/p>\n\n\n\n<p class=\"has-text-align-center has-medium-font-size\">i dobroci czas \u015bwi\u0105teczny.<\/p>\n\n\n\n<p class=\"has-text-align-center has-medium-font-size\">Je\u015bli masz ochot\u0119 w tej porze otuli\u0107 si\u0119 ksi\u0105\u017ck\u0105 i poczu\u0107 t\u0105 magi\u0119, <\/p>\n\n\n\n<p class=\"has-text-align-center has-medium-font-size\">przyjd\u017a do biblioteki szkolnej i wypo\u017cycz ksi\u0105\u017ck\u0119.<\/p>\n\n\n\n<p class=\"has-text-align-center has-medium-font-size\">Zapraszamy.<\/p>\n\n\n\n<p><\/p>\n\n\n\n<figure class=\"wp-block-video\"><video height=\"1080\" style=\"aspect-ratio: 1080 \/ 1080;\" width=\"1080\" controls src=\"https:\/\/www.sp2.swidnica.pl\/wp-content\/uploads\/2025\/12\/Zapraszamy.mp4\"><\/video><\/figure>\n","protected":false},"excerpt":{"rendered":"<p>Ju\u017c nie ma\u0142ymi, a du\u017cymi krokami zbli\u017ca si\u0119 magiczny, pe\u0142en mi\u0142o\u015bci i dobroci czas \u015bwi\u0105teczny. Je\u015bli masz ochot\u0119 w tej porze otuli\u0107 si\u0119 ksi\u0105\u017ck\u0105 i poczu\u0107 t\u0105 magi\u0119, przyjd\u017a do biblioteki szkolnej i wypo\u017cycz ksi\u0105\u017ck\u0119. Zapraszamy.<\/p>\n","protected":false},"author":3,"featured_media":16264,"comment_status":"closed","ping_status":"closed","sticky":false,"template":"","format":"standard","meta":{"_et_pb_use_builder":"off","_et_pb_old_content":"","_et_gb_content_width":"","footnotes":""},"categories":[60,67],"tags":[],"class_list":["post-16259","post","type-post","status-publish","format-standard","has-post-thumbnail","hentry","category-aktualnosci","category-biblioteka"],"yoast_head":"<!-- This site is optimized with the Yoast SEO plugin v27.5 - https:\/\/yoast.com\/product\/yoast-seo-wordpress\/ -->\n<title>Biblioteka zaprasza - Szko\u0142a Podstawowa nr2<\/title>\n<meta name=\"robots\" content=\"index, follow, max-snippet:-1, max-image-preview:large, max-video-preview:-1\" \/>\n<link rel=\"canonical\" href=\"https:\/\/www.sp2.swidnica.pl\/?p=16259\" \/>\n<meta property=\"og:locale\" content=\"pl_PL\" \/>\n<meta property=\"og:type\" content=\"article\" \/>\n<meta property=\"og:title\" content=\"Biblioteka zaprasza - Szko\u0142a Podstawowa nr2\" \/>\n<meta property=\"og:description\" content=\"Ju\u017c nie ma\u0142ymi, a du\u017cymi krokami zbli\u017ca si\u0119 magiczny, pe\u0142en mi\u0142o\u015bci i dobroci czas \u015bwi\u0105teczny. Je\u015bli masz ochot\u0119 w tej porze otuli\u0107 si\u0119 ksi\u0105\u017ck\u0105 i poczu\u0107 t\u0105 magi\u0119, przyjd\u017a do biblioteki szkolnej i wypo\u017cycz ksi\u0105\u017ck\u0119. Zapraszamy.\" \/>\n<meta property=\"og:url\" content=\"https:\/\/www.sp2.swidnica.pl\/?p=16259\" \/>\n<meta property=\"og:site_name\" content=\"Szko\u0142a Podstawowa nr2\" \/>\n<meta property=\"article:published_time\" content=\"2025-12-08T13:02:51+00:00\" \/>\n<meta property=\"article:modified_time\" content=\"2025-12-08T13:04:54+00:00\" \/>\n<meta property=\"og:image\" content=\"https:\/\/www.sp2.swidnica.pl\/wp-content\/uploads\/2025\/12\/zyczenia-swiateczne-1.png\" \/>\n\t<meta property=\"og:image:width\" content=\"600\" \/>\n\t<meta property=\"og:image:height\" content=\"435\" \/>\n\t<meta property=\"og:image:type\" content=\"image\/png\" \/>\n<meta name=\"author\" content=\"promocja\" \/>\n<meta name=\"twitter:card\" content=\"summary_large_image\" \/>\n<meta name=\"twitter:label1\" content=\"Napisane przez\" \/>\n\t<meta name=\"twitter:data1\" content=\"promocja\" \/>\n<script type=\"application\/ld+json\" class=\"yoast-schema-graph\">{\"@context\":\"https:\\\/\\\/schema.org\",\"@graph\":[{\"@type\":\"Article\",\"@id\":\"https:\\\/\\\/www.sp2.swidnica.pl\\\/?p=16259#article\",\"isPartOf\":{\"@id\":\"https:\\\/\\\/www.sp2.swidnica.pl\\\/?p=16259\"},\"author\":{\"name\":\"promocja\",\"@id\":\"https:\\\/\\\/www.sp2.swidnica.pl\\\/#\\\/schema\\\/person\\\/848bf2a13312aaecc57a3cef67ca3e70\"},\"headline\":\"Biblioteka zaprasza\",\"datePublished\":\"2025-12-08T13:02:51+00:00\",\"dateModified\":\"2025-12-08T13:04:54+00:00\",\"mainEntityOfPage\":{\"@id\":\"https:\\\/\\\/www.sp2.swidnica.pl\\\/?p=16259\"},\"wordCount\":49,\"publisher\":{\"@id\":\"https:\\\/\\\/www.sp2.swidnica.pl\\\/#organization\"},\"image\":{\"@id\":\"https:\\\/\\\/www.sp2.swidnica.pl\\\/?p=16259#primaryimage\"},\"thumbnailUrl\":\"https:\\\/\\\/www.sp2.swidnica.pl\\\/wp-content\\\/uploads\\\/2025\\\/12\\\/zyczenia-swiateczne-1.png\",\"articleSection\":[\"Aktualno\u015bci\",\"Biblioteka\"],\"inLanguage\":\"pl-PL\"},{\"@type\":\"WebPage\",\"@id\":\"https:\\\/\\\/www.sp2.swidnica.pl\\\/?p=16259\",\"url\":\"https:\\\/\\\/www.sp2.swidnica.pl\\\/?p=16259\",\"name\":\"Biblioteka zaprasza - Szko\u0142a Podstawowa nr2\",\"isPartOf\":{\"@id\":\"https:\\\/\\\/www.sp2.swidnica.pl\\\/#website\"},\"primaryImageOfPage\":{\"@id\":\"https:\\\/\\\/www.sp2.swidnica.pl\\\/?p=16259#primaryimage\"},\"image\":{\"@id\":\"https:\\\/\\\/www.sp2.swidnica.pl\\\/?p=16259#primaryimage\"},\"thumbnailUrl\":\"https:\\\/\\\/www.sp2.swidnica.pl\\\/wp-content\\\/uploads\\\/2025\\\/12\\\/zyczenia-swiateczne-1.png\",\"datePublished\":\"2025-12-08T13:02:51+00:00\",\"dateModified\":\"2025-12-08T13:04:54+00:00\",\"breadcrumb\":{\"@id\":\"https:\\\/\\\/www.sp2.swidnica.pl\\\/?p=16259#breadcrumb\"},\"inLanguage\":\"pl-PL\",\"potentialAction\":[{\"@type\":\"ReadAction\",\"target\":[\"https:\\\/\\\/www.sp2.swidnica.pl\\\/?p=16259\"]}]},{\"@type\":\"ImageObject\",\"inLanguage\":\"pl-PL\",\"@id\":\"https:\\\/\\\/www.sp2.swidnica.pl\\\/?p=16259#primaryimage\",\"url\":\"https:\\\/\\\/www.sp2.swidnica.pl\\\/wp-content\\\/uploads\\\/2025\\\/12\\\/zyczenia-swiateczne-1.png\",\"contentUrl\":\"https:\\\/\\\/www.sp2.swidnica.pl\\\/wp-content\\\/uploads\\\/2025\\\/12\\\/zyczenia-swiateczne-1.png\",\"width\":600,\"height\":435},{\"@type\":\"BreadcrumbList\",\"@id\":\"https:\\\/\\\/www.sp2.swidnica.pl\\\/?p=16259#breadcrumb\",\"itemListElement\":[{\"@type\":\"ListItem\",\"position\":1,\"name\":\"Start\",\"item\":\"https:\\\/\\\/www.sp2.swidnica.pl\\\/\"},{\"@type\":\"ListItem\",\"position\":2,\"name\":\"Biblioteka zaprasza\"}]},{\"@type\":\"WebSite\",\"@id\":\"https:\\\/\\\/www.sp2.swidnica.pl\\\/#website\",\"url\":\"https:\\\/\\\/www.sp2.swidnica.pl\\\/\",\"name\":\"Szko\u0142a Podstawowa nr2\",\"description\":\"\",\"publisher\":{\"@id\":\"https:\\\/\\\/www.sp2.swidnica.pl\\\/#organization\"},\"potentialAction\":[{\"@type\":\"SearchAction\",\"target\":{\"@type\":\"EntryPoint\",\"urlTemplate\":\"https:\\\/\\\/www.sp2.swidnica.pl\\\/?s={search_term_string}\"},\"query-input\":{\"@type\":\"PropertyValueSpecification\",\"valueRequired\":true,\"valueName\":\"search_term_string\"}}],\"inLanguage\":\"pl-PL\"},{\"@type\":\"Organization\",\"@id\":\"https:\\\/\\\/www.sp2.swidnica.pl\\\/#organization\",\"name\":\"Szko\u0142a Podstawowa nr2\",\"url\":\"https:\\\/\\\/www.sp2.swidnica.pl\\\/\",\"logo\":{\"@type\":\"ImageObject\",\"inLanguage\":\"pl-PL\",\"@id\":\"https:\\\/\\\/www.sp2.swidnica.pl\\\/#\\\/schema\\\/logo\\\/image\\\/\",\"url\":\"https:\\\/\\\/www.sp2.swidnica.pl\\\/wp-content\\\/uploads\\\/2023\\\/12\\\/cropped-cropped-cropped-logo_gotowe1-1.png\",\"contentUrl\":\"https:\\\/\\\/www.sp2.swidnica.pl\\\/wp-content\\\/uploads\\\/2023\\\/12\\\/cropped-cropped-cropped-logo_gotowe1-1.png\",\"width\":512,\"height\":512,\"caption\":\"Szko\u0142a Podstawowa nr2\"},\"image\":{\"@id\":\"https:\\\/\\\/www.sp2.swidnica.pl\\\/#\\\/schema\\\/logo\\\/image\\\/\"}},{\"@type\":\"Person\",\"@id\":\"https:\\\/\\\/www.sp2.swidnica.pl\\\/#\\\/schema\\\/person\\\/848bf2a13312aaecc57a3cef67ca3e70\",\"name\":\"promocja\",\"image\":{\"@type\":\"ImageObject\",\"inLanguage\":\"pl-PL\",\"@id\":\"https:\\\/\\\/secure.gravatar.com\\\/avatar\\\/244d7e0d756a1478029578c985492b8946c6ec124fb9f785ce31e2777df35b6e?s=96&d=mm&r=g\",\"url\":\"https:\\\/\\\/secure.gravatar.com\\\/avatar\\\/244d7e0d756a1478029578c985492b8946c6ec124fb9f785ce31e2777df35b6e?s=96&d=mm&r=g\",\"contentUrl\":\"https:\\\/\\\/secure.gravatar.com\\\/avatar\\\/244d7e0d756a1478029578c985492b8946c6ec124fb9f785ce31e2777df35b6e?s=96&d=mm&r=g\",\"caption\":\"promocja\"},\"sameAs\":[\"http:\\\/\\\/sp2.swidnica.pl\"],\"url\":\"https:\\\/\\\/www.sp2.swidnica.pl\\\/?author=3\"}]}<\/script>\n<!-- \/ Yoast SEO plugin. -->","yoast_head_json":{"title":"Biblioteka zaprasza - Szko\u0142a Podstawowa nr2","robots":{"index":"index","follow":"follow","max-snippet":"max-snippet:-1","max-image-preview":"max-image-preview:large","max-video-preview":"max-video-preview:-1"},"canonical":"https:\/\/www.sp2.swidnica.pl\/?p=16259","og_locale":"pl_PL","og_type":"article","og_title":"Biblioteka zaprasza - Szko\u0142a Podstawowa nr2","og_description":"Ju\u017c nie ma\u0142ymi, a du\u017cymi krokami zbli\u017ca si\u0119 magiczny, pe\u0142en mi\u0142o\u015bci i dobroci czas \u015bwi\u0105teczny. Je\u015bli masz ochot\u0119 w tej porze otuli\u0107 si\u0119 ksi\u0105\u017ck\u0105 i poczu\u0107 t\u0105 magi\u0119, przyjd\u017a do biblioteki szkolnej i wypo\u017cycz ksi\u0105\u017ck\u0119. Zapraszamy.","og_url":"https:\/\/www.sp2.swidnica.pl\/?p=16259","og_site_name":"Szko\u0142a Podstawowa nr2","article_published_time":"2025-12-08T13:02:51+00:00","article_modified_time":"2025-12-08T13:04:54+00:00","og_image":[{"width":600,"height":435,"url":"https:\/\/www.sp2.swidnica.pl\/wp-content\/uploads\/2025\/12\/zyczenia-swiateczne-1.png","type":"image\/png"}],"author":"promocja","twitter_card":"summary_large_image","twitter_misc":{"Napisane przez":"promocja"},"schema":{"@context":"https:\/\/schema.org","@graph":[{"@type":"Article","@id":"https:\/\/www.sp2.swidnica.pl\/?p=16259#article","isPartOf":{"@id":"https:\/\/www.sp2.swidnica.pl\/?p=16259"},"author":{"name":"promocja","@id":"https:\/\/www.sp2.swidnica.pl\/#\/schema\/person\/848bf2a13312aaecc57a3cef67ca3e70"},"headline":"Biblioteka zaprasza","datePublished":"2025-12-08T13:02:51+00:00","dateModified":"2025-12-08T13:04:54+00:00","mainEntityOfPage":{"@id":"https:\/\/www.sp2.swidnica.pl\/?p=16259"},"wordCount":49,"publisher":{"@id":"https:\/\/www.sp2.swidnica.pl\/#organization"},"image":{"@id":"https:\/\/www.sp2.swidnica.pl\/?p=16259#primaryimage"},"thumbnailUrl":"https:\/\/www.sp2.swidnica.pl\/wp-content\/uploads\/2025\/12\/zyczenia-swiateczne-1.png","articleSection":["Aktualno\u015bci","Biblioteka"],"inLanguage":"pl-PL"},{"@type":"WebPage","@id":"https:\/\/www.sp2.swidnica.pl\/?p=16259","url":"https:\/\/www.sp2.swidnica.pl\/?p=16259","name":"Biblioteka zaprasza - Szko\u0142a Podstawowa nr2","isPartOf":{"@id":"https:\/\/www.sp2.swidnica.pl\/#website"},"primaryImageOfPage":{"@id":"https:\/\/www.sp2.swidnica.pl\/?p=16259#primaryimage"},"image":{"@id":"https:\/\/www.sp2.swidnica.pl\/?p=16259#primaryimage"},"thumbnailUrl":"https:\/\/www.sp2.swidnica.pl\/wp-content\/uploads\/2025\/12\/zyczenia-swiateczne-1.png","datePublished":"2025-12-08T13:02:51+00:00","dateModified":"2025-12-08T13:04:54+00:00","breadcrumb":{"@id":"https:\/\/www.sp2.swidnica.pl\/?p=16259#breadcrumb"},"inLanguage":"pl-PL","potentialAction":[{"@type":"ReadAction","target":["https:\/\/www.sp2.swidnica.pl\/?p=16259"]}]},{"@type":"ImageObject","inLanguage":"pl-PL","@id":"https:\/\/www.sp2.swidnica.pl\/?p=16259#primaryimage","url":"https:\/\/www.sp2.swidnica.pl\/wp-content\/uploads\/2025\/12\/zyczenia-swiateczne-1.png","contentUrl":"https:\/\/www.sp2.swidnica.pl\/wp-content\/uploads\/2025\/12\/zyczenia-swiateczne-1.png","width":600,"height":435},{"@type":"BreadcrumbList","@id":"https:\/\/www.sp2.swidnica.pl\/?p=16259#breadcrumb","itemListElement":[{"@type":"ListItem","position":1,"name":"Start","item":"https:\/\/www.sp2.swidnica.pl\/"},{"@type":"ListItem","position":2,"name":"Biblioteka zaprasza"}]},{"@type":"WebSite","@id":"https:\/\/www.sp2.swidnica.pl\/#website","url":"https:\/\/www.sp2.swidnica.pl\/","name":"Szko\u0142a Podstawowa nr2","description":"","publisher":{"@id":"https:\/\/www.sp2.swidnica.pl\/#organization"},"potentialAction":[{"@type":"SearchAction","target":{"@type":"EntryPoint","urlTemplate":"https:\/\/www.sp2.swidnica.pl\/?s={search_term_string}"},"query-input":{"@type":"PropertyValueSpecification","valueRequired":true,"valueName":"search_term_string"}}],"inLanguage":"pl-PL"},{"@type":"Organization","@id":"https:\/\/www.sp2.swidnica.pl\/#organization","name":"Szko\u0142a Podstawowa nr2","url":"https:\/\/www.sp2.swidnica.pl\/","logo":{"@type":"ImageObject","inLanguage":"pl-PL","@id":"https:\/\/www.sp2.swidnica.pl\/#\/schema\/logo\/image\/","url":"https:\/\/www.sp2.swidnica.pl\/wp-content\/uploads\/2023\/12\/cropped-cropped-cropped-logo_gotowe1-1.png","contentUrl":"https:\/\/www.sp2.swidnica.pl\/wp-content\/uploads\/2023\/12\/cropped-cropped-cropped-logo_gotowe1-1.png","width":512,"height":512,"caption":"Szko\u0142a Podstawowa nr2"},"image":{"@id":"https:\/\/www.sp2.swidnica.pl\/#\/schema\/logo\/image\/"}},{"@type":"Person","@id":"https:\/\/www.sp2.swidnica.pl\/#\/schema\/person\/848bf2a13312aaecc57a3cef67ca3e70","name":"promocja","image":{"@type":"ImageObject","inLanguage":"pl-PL","@id":"https:\/\/secure.gravatar.com\/avatar\/244d7e0d756a1478029578c985492b8946c6ec124fb9f785ce31e2777df35b6e?s=96&d=mm&r=g","url":"https:\/\/secure.gravatar.com\/avatar\/244d7e0d756a1478029578c985492b8946c6ec124fb9f785ce31e2777df35b6e?s=96&d=mm&r=g","contentUrl":"https:\/\/secure.gravatar.com\/avatar\/244d7e0d756a1478029578c985492b8946c6ec124fb9f785ce31e2777df35b6e?s=96&d=mm&r=g","caption":"promocja"},"sameAs":["http:\/\/sp2.swidnica.pl"],"url":"https:\/\/www.sp2.swidnica.pl\/?author=3"}]}},"_links":{"self":[{"href":"https:\/\/www.sp2.swidnica.pl\/index.php?rest_route=\/wp\/v2\/posts\/16259","targetHints":{"allow":["GET"]}}],"collection":[{"href":"https:\/\/www.sp2.swidnica.pl\/index.php?rest_route=\/wp\/v2\/posts"}],"about":[{"href":"https:\/\/www.sp2.swidnica.pl\/index.php?rest_route=\/wp\/v2\/types\/post"}],"author":[{"embeddable":true,"href":"https:\/\/www.sp2.swidnica.pl\/index.php?rest_route=\/wp\/v2\/users\/3"}],"replies":[{"embeddable":true,"href":"https:\/\/www.sp2.swidnica.pl\/index.php?rest_route=%2Fwp%2Fv2%2Fcomments&post=16259"}],"version-history":[{"count":1,"href":"https:\/\/www.sp2.swidnica.pl\/index.php?rest_route=\/wp\/v2\/posts\/16259\/revisions"}],"predecessor-version":[{"id":16262,"href":"https:\/\/www.sp2.swidnica.pl\/index.php?rest_route=\/wp\/v2\/posts\/16259\/revisions\/16262"}],"wp:featuredmedia":[{"embeddable":true,"href":"https:\/\/www.sp2.swidnica.pl\/index.php?rest_route=\/wp\/v2\/media\/16264"}],"wp:attachment":[{"href":"https:\/\/www.sp2.swidnica.pl\/index.php?rest_route=%2Fwp%2Fv2%2Fmedia&parent=16259"}],"wp:term":[{"taxonomy":"category","embeddable":true,"href":"https:\/\/www.sp2.swidnica.pl\/index.php?rest_route=%2Fwp%2Fv2%2Fcategories&post=16259"},{"taxonomy":"post_tag","embeddable":true,"href":"https:\/\/www.sp2.swidnica.pl\/index.php?rest_route=%2Fwp%2Fv2%2Ftags&post=16259"}],"curies":[{"name":"wp","href":"https:\/\/api.w.org\/{rel}","templated":true}]}}