{"id":9086,"date":"2024-01-10T15:21:42","date_gmt":"2024-01-10T14:21:42","guid":{"rendered":"http:\/\/www.sp2.swidnica.pl\/?p=9086"},"modified":"2024-01-10T15:26:35","modified_gmt":"2024-01-10T14:26:35","slug":"31-swidnicki-przeglad-zespolow-koledniczych","status":"publish","type":"post","link":"https:\/\/www.sp2.swidnica.pl\/?p=9086","title":{"rendered":"31 \u015awidnicki Przegl\u0105d Zespo\u0142\u00f3w Kol\u0119dniczych."},"content":{"rendered":"[et_pb_section fb_built=&#8221;1&#8243; admin_label=&#8221;section&#8221; _builder_version=&#8221;4.16&#8243; global_colors_info=&#8221;{}&#8221;][et_pb_row admin_label=&#8221;row&#8221; _builder_version=&#8221;4.16&#8243; background_size=&#8221;initial&#8221; background_position=&#8221;top_left&#8221; background_repeat=&#8221;repeat&#8221; hover_enabled=&#8221;0&#8243; global_colors_info=&#8221;{}&#8221; sticky_enabled=&#8221;0&#8243;][et_pb_column type=&#8221;4_4&#8243; _builder_version=&#8221;4.16&#8243; custom_padding=&#8221;|||&#8221; global_colors_info=&#8221;{}&#8221; custom_padding__hover=&#8221;|||&#8221;][et_pb_text admin_label=&#8221;Text&#8221; _builder_version=&#8221;4.16&#8243; background_size=&#8221;initial&#8221; background_position=&#8221;top_left&#8221; background_repeat=&#8221;repeat&#8221; global_colors_info=&#8221;{}&#8221;]\n<p>Z wielk\u0105 rado\u015bci\u0105 informujemy, \u017ce nasza szko\u0142a wzi\u0119\u0142a udzia\u0142 w 31. edycji \u015awidnickiego Przegl\u0105du Zespo\u0142\u00f3w Kol\u0119dniczych. Zaprezentowali\u015bmy przedstawienie jase\u0142kowe, wykorzystuj\u0105ce elementy pantomimy, tworz\u0105c spektakl, kt\u00f3ry wraz z wyj\u0105tkow\u0105 muzyk\u0105 na d\u0142ugo pozostanie w naszych sercach.<\/p>\n[\/et_pb_text][\/et_pb_column][\/et_pb_row][et_pb_row _builder_version=&#8221;4.23.1&#8243; _module_preset=&#8221;default&#8221;][et_pb_column _builder_version=&#8221;4.23.1&#8243; _module_preset=&#8221;default&#8221; type=&#8221;4_4&#8243;][et_pb_gallery _builder_version=&#8221;4.23.1&#8243; _module_preset=&#8221;default&#8221; gallery_ids=&#8221;9097,9095,9090,9088,9087&#8243; hover_enabled=&#8221;0&#8243; sticky_enabled=&#8221;0&#8243;][\/et_pb_gallery][\/et_pb_column][\/et_pb_row][\/et_pb_section]","protected":false},"excerpt":{"rendered":"<p>Z wielk\u0105 rado\u015bci\u0105 informujemy, \u017ce nasza szko\u0142a wzi\u0119\u0142a udzia\u0142 w 31. edycji \u015awidnickiego Przegl\u0105du Zespo\u0142\u00f3w Kol\u0119dniczych. Zaprezentowali\u015bmy przedstawienie jase\u0142kowe, wykorzystuj\u0105ce elementy pantomimy, tworz\u0105c spektakl, kt\u00f3ry wraz z wyj\u0105tkow\u0105 muzyk\u0105 na d\u0142ugo pozostanie w naszych sercach.<\/p>\n","protected":false},"author":1,"featured_media":9087,"comment_status":"closed","ping_status":"closed","sticky":false,"template":"","format":"standard","meta":{"_et_pb_use_builder":"on","_et_pb_old_content":"<!-- wp:paragraph -->\n<p>Z wielk\u0105 rado\u015bci\u0105 informujemy, \u017ce nasza szko\u0142a wzi\u0119\u0142a udzia\u0142 w 31. edycji \u015awidnickiego Przegl\u0105du Zespo\u0142\u00f3w Kol\u0119dniczych. Zaprezentowali\u015bmy przedstawienie jase\u0142kowe, wykorzystuj\u0105ce elementy pantomimy, tworz\u0105c spektakl, kt\u00f3ry wraz z wyj\u0105tkow\u0105 muzyk\u0105 na d\u0142ugo pozostanie w naszych sercach.<\/p>\n<!-- \/wp:paragraph -->","_et_gb_content_width":"","footnotes":""},"categories":[60],"tags":[],"class_list":["post-9086","post","type-post","status-publish","format-standard","has-post-thumbnail","hentry","category-aktualnosci"],"yoast_head":"<!-- This site is optimized with the Yoast SEO plugin v27.5 - https:\/\/yoast.com\/product\/yoast-seo-wordpress\/ -->\n<title>31 \u015awidnicki Przegl\u0105d Zespo\u0142\u00f3w Kol\u0119dniczych. - Szko\u0142a Podstawowa nr2<\/title>\n<meta name=\"robots\" content=\"index, follow, max-snippet:-1, max-image-preview:large, max-video-preview:-1\" \/>\n<link rel=\"canonical\" href=\"https:\/\/www.sp2.swidnica.pl\/?p=9086\" \/>\n<meta property=\"og:locale\" content=\"pl_PL\" \/>\n<meta property=\"og:type\" content=\"article\" \/>\n<meta property=\"og:title\" content=\"31 \u015awidnicki Przegl\u0105d Zespo\u0142\u00f3w Kol\u0119dniczych. - Szko\u0142a Podstawowa nr2\" \/>\n<meta property=\"og:description\" content=\"Z wielk\u0105 rado\u015bci\u0105 informujemy, \u017ce nasza szko\u0142a wzi\u0119\u0142a udzia\u0142 w 31. edycji \u015awidnickiego Przegl\u0105du Zespo\u0142\u00f3w Kol\u0119dniczych. Zaprezentowali\u015bmy przedstawienie jase\u0142kowe, wykorzystuj\u0105ce elementy pantomimy, tworz\u0105c spektakl, kt\u00f3ry wraz z wyj\u0105tkow\u0105 muzyk\u0105 na d\u0142ugo pozostanie w naszych sercach.\" \/>\n<meta property=\"og:url\" content=\"https:\/\/www.sp2.swidnica.pl\/?p=9086\" \/>\n<meta property=\"og:site_name\" content=\"Szko\u0142a Podstawowa nr2\" \/>\n<meta property=\"article:published_time\" content=\"2024-01-10T14:21:42+00:00\" \/>\n<meta property=\"article:modified_time\" content=\"2024-01-10T14:26:35+00:00\" \/>\n<meta property=\"og:image\" content=\"https:\/\/www.sp2.swidnica.pl\/wp-content\/uploads\/2024\/01\/1704816523620.jpg\" \/>\n\t<meta property=\"og:image:width\" content=\"640\" \/>\n\t<meta property=\"og:image:height\" content=\"480\" \/>\n\t<meta property=\"og:image:type\" content=\"image\/jpeg\" \/>\n<meta name=\"author\" content=\"admin\" \/>\n<meta name=\"twitter:card\" content=\"summary_large_image\" \/>\n<meta name=\"twitter:label1\" content=\"Napisane przez\" \/>\n\t<meta name=\"twitter:data1\" content=\"admin\" \/>\n\t<meta name=\"twitter:label2\" content=\"Szacowany czas czytania\" \/>\n\t<meta name=\"twitter:data2\" content=\"1 minuta\" \/>\n<script type=\"application\/ld+json\" class=\"yoast-schema-graph\">{\"@context\":\"https:\\\/\\\/schema.org\",\"@graph\":[{\"@type\":\"Article\",\"@id\":\"https:\\\/\\\/www.sp2.swidnica.pl\\\/?p=9086#article\",\"isPartOf\":{\"@id\":\"https:\\\/\\\/www.sp2.swidnica.pl\\\/?p=9086\"},\"author\":{\"name\":\"admin\",\"@id\":\"https:\\\/\\\/www.sp2.swidnica.pl\\\/#\\\/schema\\\/person\\\/0c566eeb1aec18e01f0c958846e2f2e4\"},\"headline\":\"31 \u015awidnicki Przegl\u0105d Zespo\u0142\u00f3w Kol\u0119dniczych.\",\"datePublished\":\"2024-01-10T14:21:42+00:00\",\"dateModified\":\"2024-01-10T14:26:35+00:00\",\"mainEntityOfPage\":{\"@id\":\"https:\\\/\\\/www.sp2.swidnica.pl\\\/?p=9086\"},\"wordCount\":179,\"publisher\":{\"@id\":\"https:\\\/\\\/www.sp2.swidnica.pl\\\/#organization\"},\"image\":{\"@id\":\"https:\\\/\\\/www.sp2.swidnica.pl\\\/?p=9086#primaryimage\"},\"thumbnailUrl\":\"https:\\\/\\\/www.sp2.swidnica.pl\\\/wp-content\\\/uploads\\\/2024\\\/01\\\/1704816523620.jpg\",\"articleSection\":[\"Aktualno\u015bci\"],\"inLanguage\":\"pl-PL\"},{\"@type\":\"WebPage\",\"@id\":\"https:\\\/\\\/www.sp2.swidnica.pl\\\/?p=9086\",\"url\":\"https:\\\/\\\/www.sp2.swidnica.pl\\\/?p=9086\",\"name\":\"31 \u015awidnicki Przegl\u0105d Zespo\u0142\u00f3w Kol\u0119dniczych. - Szko\u0142a Podstawowa nr2\",\"isPartOf\":{\"@id\":\"https:\\\/\\\/www.sp2.swidnica.pl\\\/#website\"},\"primaryImageOfPage\":{\"@id\":\"https:\\\/\\\/www.sp2.swidnica.pl\\\/?p=9086#primaryimage\"},\"image\":{\"@id\":\"https:\\\/\\\/www.sp2.swidnica.pl\\\/?p=9086#primaryimage\"},\"thumbnailUrl\":\"https:\\\/\\\/www.sp2.swidnica.pl\\\/wp-content\\\/uploads\\\/2024\\\/01\\\/1704816523620.jpg\",\"datePublished\":\"2024-01-10T14:21:42+00:00\",\"dateModified\":\"2024-01-10T14:26:35+00:00\",\"breadcrumb\":{\"@id\":\"https:\\\/\\\/www.sp2.swidnica.pl\\\/?p=9086#breadcrumb\"},\"inLanguage\":\"pl-PL\",\"potentialAction\":[{\"@type\":\"ReadAction\",\"target\":[\"https:\\\/\\\/www.sp2.swidnica.pl\\\/?p=9086\"]}]},{\"@type\":\"ImageObject\",\"inLanguage\":\"pl-PL\",\"@id\":\"https:\\\/\\\/www.sp2.swidnica.pl\\\/?p=9086#primaryimage\",\"url\":\"https:\\\/\\\/www.sp2.swidnica.pl\\\/wp-content\\\/uploads\\\/2024\\\/01\\\/1704816523620.jpg\",\"contentUrl\":\"https:\\\/\\\/www.sp2.swidnica.pl\\\/wp-content\\\/uploads\\\/2024\\\/01\\\/1704816523620.jpg\",\"width\":640,\"height\":480},{\"@type\":\"BreadcrumbList\",\"@id\":\"https:\\\/\\\/www.sp2.swidnica.pl\\\/?p=9086#breadcrumb\",\"itemListElement\":[{\"@type\":\"ListItem\",\"position\":1,\"name\":\"Start\",\"item\":\"https:\\\/\\\/www.sp2.swidnica.pl\\\/\"},{\"@type\":\"ListItem\",\"position\":2,\"name\":\"31 \u015awidnicki Przegl\u0105d Zespo\u0142\u00f3w Kol\u0119dniczych.\"}]},{\"@type\":\"WebSite\",\"@id\":\"https:\\\/\\\/www.sp2.swidnica.pl\\\/#website\",\"url\":\"https:\\\/\\\/www.sp2.swidnica.pl\\\/\",\"name\":\"Szko\u0142a Podstawowa nr2\",\"description\":\"\",\"publisher\":{\"@id\":\"https:\\\/\\\/www.sp2.swidnica.pl\\\/#organization\"},\"potentialAction\":[{\"@type\":\"SearchAction\",\"target\":{\"@type\":\"EntryPoint\",\"urlTemplate\":\"https:\\\/\\\/www.sp2.swidnica.pl\\\/?s={search_term_string}\"},\"query-input\":{\"@type\":\"PropertyValueSpecification\",\"valueRequired\":true,\"valueName\":\"search_term_string\"}}],\"inLanguage\":\"pl-PL\"},{\"@type\":\"Organization\",\"@id\":\"https:\\\/\\\/www.sp2.swidnica.pl\\\/#organization\",\"name\":\"Szko\u0142a Podstawowa nr2\",\"url\":\"https:\\\/\\\/www.sp2.swidnica.pl\\\/\",\"logo\":{\"@type\":\"ImageObject\",\"inLanguage\":\"pl-PL\",\"@id\":\"https:\\\/\\\/www.sp2.swidnica.pl\\\/#\\\/schema\\\/logo\\\/image\\\/\",\"url\":\"https:\\\/\\\/www.sp2.swidnica.pl\\\/wp-content\\\/uploads\\\/2023\\\/12\\\/cropped-cropped-cropped-logo_gotowe1-1.png\",\"contentUrl\":\"https:\\\/\\\/www.sp2.swidnica.pl\\\/wp-content\\\/uploads\\\/2023\\\/12\\\/cropped-cropped-cropped-logo_gotowe1-1.png\",\"width\":512,\"height\":512,\"caption\":\"Szko\u0142a Podstawowa nr2\"},\"image\":{\"@id\":\"https:\\\/\\\/www.sp2.swidnica.pl\\\/#\\\/schema\\\/logo\\\/image\\\/\"}},{\"@type\":\"Person\",\"@id\":\"https:\\\/\\\/www.sp2.swidnica.pl\\\/#\\\/schema\\\/person\\\/0c566eeb1aec18e01f0c958846e2f2e4\",\"name\":\"admin\",\"image\":{\"@type\":\"ImageObject\",\"inLanguage\":\"pl-PL\",\"@id\":\"https:\\\/\\\/secure.gravatar.com\\\/avatar\\\/8bf1e7de43884706d38fbad656d2a59e9d9d73bcd8e26e2a03e7aa5e000c33d7?s=96&d=mm&r=g\",\"url\":\"https:\\\/\\\/secure.gravatar.com\\\/avatar\\\/8bf1e7de43884706d38fbad656d2a59e9d9d73bcd8e26e2a03e7aa5e000c33d7?s=96&d=mm&r=g\",\"contentUrl\":\"https:\\\/\\\/secure.gravatar.com\\\/avatar\\\/8bf1e7de43884706d38fbad656d2a59e9d9d73bcd8e26e2a03e7aa5e000c33d7?s=96&d=mm&r=g\",\"caption\":\"admin\"},\"sameAs\":[\"http:\\\/\\\/www.sp2.swidnica.pl\"],\"url\":\"https:\\\/\\\/www.sp2.swidnica.pl\\\/?author=1\"}]}<\/script>\n<!-- \/ Yoast SEO plugin. -->","yoast_head_json":{"title":"31 \u015awidnicki Przegl\u0105d Zespo\u0142\u00f3w Kol\u0119dniczych. - Szko\u0142a Podstawowa nr2","robots":{"index":"index","follow":"follow","max-snippet":"max-snippet:-1","max-image-preview":"max-image-preview:large","max-video-preview":"max-video-preview:-1"},"canonical":"https:\/\/www.sp2.swidnica.pl\/?p=9086","og_locale":"pl_PL","og_type":"article","og_title":"31 \u015awidnicki Przegl\u0105d Zespo\u0142\u00f3w Kol\u0119dniczych. - Szko\u0142a Podstawowa nr2","og_description":"Z wielk\u0105 rado\u015bci\u0105 informujemy, \u017ce nasza szko\u0142a wzi\u0119\u0142a udzia\u0142 w 31. edycji \u015awidnickiego Przegl\u0105du Zespo\u0142\u00f3w Kol\u0119dniczych. Zaprezentowali\u015bmy przedstawienie jase\u0142kowe, wykorzystuj\u0105ce elementy pantomimy, tworz\u0105c spektakl, kt\u00f3ry wraz z wyj\u0105tkow\u0105 muzyk\u0105 na d\u0142ugo pozostanie w naszych sercach.","og_url":"https:\/\/www.sp2.swidnica.pl\/?p=9086","og_site_name":"Szko\u0142a Podstawowa nr2","article_published_time":"2024-01-10T14:21:42+00:00","article_modified_time":"2024-01-10T14:26:35+00:00","og_image":[{"width":640,"height":480,"url":"https:\/\/www.sp2.swidnica.pl\/wp-content\/uploads\/2024\/01\/1704816523620.jpg","type":"image\/jpeg"}],"author":"admin","twitter_card":"summary_large_image","twitter_misc":{"Napisane przez":"admin","Szacowany czas czytania":"1 minuta"},"schema":{"@context":"https:\/\/schema.org","@graph":[{"@type":"Article","@id":"https:\/\/www.sp2.swidnica.pl\/?p=9086#article","isPartOf":{"@id":"https:\/\/www.sp2.swidnica.pl\/?p=9086"},"author":{"name":"admin","@id":"https:\/\/www.sp2.swidnica.pl\/#\/schema\/person\/0c566eeb1aec18e01f0c958846e2f2e4"},"headline":"31 \u015awidnicki Przegl\u0105d Zespo\u0142\u00f3w Kol\u0119dniczych.","datePublished":"2024-01-10T14:21:42+00:00","dateModified":"2024-01-10T14:26:35+00:00","mainEntityOfPage":{"@id":"https:\/\/www.sp2.swidnica.pl\/?p=9086"},"wordCount":179,"publisher":{"@id":"https:\/\/www.sp2.swidnica.pl\/#organization"},"image":{"@id":"https:\/\/www.sp2.swidnica.pl\/?p=9086#primaryimage"},"thumbnailUrl":"https:\/\/www.sp2.swidnica.pl\/wp-content\/uploads\/2024\/01\/1704816523620.jpg","articleSection":["Aktualno\u015bci"],"inLanguage":"pl-PL"},{"@type":"WebPage","@id":"https:\/\/www.sp2.swidnica.pl\/?p=9086","url":"https:\/\/www.sp2.swidnica.pl\/?p=9086","name":"31 \u015awidnicki Przegl\u0105d Zespo\u0142\u00f3w Kol\u0119dniczych. - Szko\u0142a Podstawowa nr2","isPartOf":{"@id":"https:\/\/www.sp2.swidnica.pl\/#website"},"primaryImageOfPage":{"@id":"https:\/\/www.sp2.swidnica.pl\/?p=9086#primaryimage"},"image":{"@id":"https:\/\/www.sp2.swidnica.pl\/?p=9086#primaryimage"},"thumbnailUrl":"https:\/\/www.sp2.swidnica.pl\/wp-content\/uploads\/2024\/01\/1704816523620.jpg","datePublished":"2024-01-10T14:21:42+00:00","dateModified":"2024-01-10T14:26:35+00:00","breadcrumb":{"@id":"https:\/\/www.sp2.swidnica.pl\/?p=9086#breadcrumb"},"inLanguage":"pl-PL","potentialAction":[{"@type":"ReadAction","target":["https:\/\/www.sp2.swidnica.pl\/?p=9086"]}]},{"@type":"ImageObject","inLanguage":"pl-PL","@id":"https:\/\/www.sp2.swidnica.pl\/?p=9086#primaryimage","url":"https:\/\/www.sp2.swidnica.pl\/wp-content\/uploads\/2024\/01\/1704816523620.jpg","contentUrl":"https:\/\/www.sp2.swidnica.pl\/wp-content\/uploads\/2024\/01\/1704816523620.jpg","width":640,"height":480},{"@type":"BreadcrumbList","@id":"https:\/\/www.sp2.swidnica.pl\/?p=9086#breadcrumb","itemListElement":[{"@type":"ListItem","position":1,"name":"Start","item":"https:\/\/www.sp2.swidnica.pl\/"},{"@type":"ListItem","position":2,"name":"31 \u015awidnicki Przegl\u0105d Zespo\u0142\u00f3w Kol\u0119dniczych."}]},{"@type":"WebSite","@id":"https:\/\/www.sp2.swidnica.pl\/#website","url":"https:\/\/www.sp2.swidnica.pl\/","name":"Szko\u0142a Podstawowa nr2","description":"","publisher":{"@id":"https:\/\/www.sp2.swidnica.pl\/#organization"},"potentialAction":[{"@type":"SearchAction","target":{"@type":"EntryPoint","urlTemplate":"https:\/\/www.sp2.swidnica.pl\/?s={search_term_string}"},"query-input":{"@type":"PropertyValueSpecification","valueRequired":true,"valueName":"search_term_string"}}],"inLanguage":"pl-PL"},{"@type":"Organization","@id":"https:\/\/www.sp2.swidnica.pl\/#organization","name":"Szko\u0142a Podstawowa nr2","url":"https:\/\/www.sp2.swidnica.pl\/","logo":{"@type":"ImageObject","inLanguage":"pl-PL","@id":"https:\/\/www.sp2.swidnica.pl\/#\/schema\/logo\/image\/","url":"https:\/\/www.sp2.swidnica.pl\/wp-content\/uploads\/2023\/12\/cropped-cropped-cropped-logo_gotowe1-1.png","contentUrl":"https:\/\/www.sp2.swidnica.pl\/wp-content\/uploads\/2023\/12\/cropped-cropped-cropped-logo_gotowe1-1.png","width":512,"height":512,"caption":"Szko\u0142a Podstawowa nr2"},"image":{"@id":"https:\/\/www.sp2.swidnica.pl\/#\/schema\/logo\/image\/"}},{"@type":"Person","@id":"https:\/\/www.sp2.swidnica.pl\/#\/schema\/person\/0c566eeb1aec18e01f0c958846e2f2e4","name":"admin","image":{"@type":"ImageObject","inLanguage":"pl-PL","@id":"https:\/\/secure.gravatar.com\/avatar\/8bf1e7de43884706d38fbad656d2a59e9d9d73bcd8e26e2a03e7aa5e000c33d7?s=96&d=mm&r=g","url":"https:\/\/secure.gravatar.com\/avatar\/8bf1e7de43884706d38fbad656d2a59e9d9d73bcd8e26e2a03e7aa5e000c33d7?s=96&d=mm&r=g","contentUrl":"https:\/\/secure.gravatar.com\/avatar\/8bf1e7de43884706d38fbad656d2a59e9d9d73bcd8e26e2a03e7aa5e000c33d7?s=96&d=mm&r=g","caption":"admin"},"sameAs":["http:\/\/www.sp2.swidnica.pl"],"url":"https:\/\/www.sp2.swidnica.pl\/?author=1"}]}},"_links":{"self":[{"href":"https:\/\/www.sp2.swidnica.pl\/index.php?rest_route=\/wp\/v2\/posts\/9086","targetHints":{"allow":["GET"]}}],"collection":[{"href":"https:\/\/www.sp2.swidnica.pl\/index.php?rest_route=\/wp\/v2\/posts"}],"about":[{"href":"https:\/\/www.sp2.swidnica.pl\/index.php?rest_route=\/wp\/v2\/types\/post"}],"author":[{"embeddable":true,"href":"https:\/\/www.sp2.swidnica.pl\/index.php?rest_route=\/wp\/v2\/users\/1"}],"replies":[{"embeddable":true,"href":"https:\/\/www.sp2.swidnica.pl\/index.php?rest_route=%2Fwp%2Fv2%2Fcomments&post=9086"}],"version-history":[{"count":3,"href":"https:\/\/www.sp2.swidnica.pl\/index.php?rest_route=\/wp\/v2\/posts\/9086\/revisions"}],"predecessor-version":[{"id":9098,"href":"https:\/\/www.sp2.swidnica.pl\/index.php?rest_route=\/wp\/v2\/posts\/9086\/revisions\/9098"}],"wp:featuredmedia":[{"embeddable":true,"href":"https:\/\/www.sp2.swidnica.pl\/index.php?rest_route=\/wp\/v2\/media\/9087"}],"wp:attachment":[{"href":"https:\/\/www.sp2.swidnica.pl\/index.php?rest_route=%2Fwp%2Fv2%2Fmedia&parent=9086"}],"wp:term":[{"taxonomy":"category","embeddable":true,"href":"https:\/\/www.sp2.swidnica.pl\/index.php?rest_route=%2Fwp%2Fv2%2Fcategories&post=9086"},{"taxonomy":"post_tag","embeddable":true,"href":"https:\/\/www.sp2.swidnica.pl\/index.php?rest_route=%2Fwp%2Fv2%2Ftags&post=9086"}],"curies":[{"name":"wp","href":"https:\/\/api.w.org\/{rel}","templated":true}]}}